{"id":13134,"date":"2026-04-30T08:06:38","date_gmt":"2026-04-30T06:06:38","guid":{"rendered":"http:\/\/webecpol.esade.edu\/?p=13134"},"modified":"2026-04-30T08:08:18","modified_gmt":"2026-04-30T06:08:18","slug":"vivir-solo-en-europa","status":"publish","type":"post","link":"http:\/\/webecpol.esade.edu\/es\/blog\/vivir-solo-en-europa\/","title":{"rendered":"Vivir solo en Europa"},"content":{"rendered":"<div style=\"padding: 18px; background-color: #225e9c33; border: 1px solid ##225e9c33; font-size: 16px;\">\n<h3>Ideas clave<\/h3>\n<p>\u2192 El 29% de los hogares en Espa\u00f1a son unipersonales, algo por debajo de la media europea (37%) pero con una tendencia al alza en un grupo concreto: el crecimiento se concentra en los menores de 65 a\u00f1os, especialmente en el tramo de 35 a 45, que pasa del 11,2% al 13,1% entre 2022 y 2025.<\/p>\n<p>\u2192 La proporci\u00f3n de hogares unipersonales menores de 65 con dificultades para llegar a fin de mes ha escalado hasta el 30% desde 2020, mientras los mayores de 65 se mantienen por debajo del 20%.<\/p>\n<p>\u2192 Para los hogares unipersonales menores de 65 con renta baja, el coste residencial roza o supera el 60% de los ingresos en los grandes pa\u00edses europeos, muy por encima del umbral de sobrecarga del 40%: es la \u00abprima de soledad\u00bb.<\/p>\n<p>\u2192 La asimetr\u00eda generacional se refuerza por el r\u00e9gimen de tenencia: en Espa\u00f1a (e Italia y Portugal) una proporci\u00f3n muy alta de mayores de 65 son propietarios sin hipoteca, mientras los j\u00f3venes se reparten entre alquiler y propiedad con hipoteca. En contraste, en Alemania o Pa\u00edses Bajos el alquiler es mayoritario de manera homog\u00e9nea entre generaciones.<\/p>\n<p>\u2192 En Espa\u00f1a adem\u00e1s la media de habitaciones de los hogares unipersonales supera las 4, frente a las 3 del resto de pa\u00edses europeos analizados, y el patr\u00f3n se repite en todas las CCAA.<\/p>\n<\/div>\n<p>&nbsp;<\/p>\n<p style=\"font-weight: 400;\">Vivir solo ya no es la excepci\u00f3n. En 2024, alrededor del 37% de los hogares de la Uni\u00f3n Europea eran personas que viv\u00edan solas sin hijos, el tipo de hogar m\u00e1s numeroso de toda la Uni\u00f3n. Como muestra el gr\u00e1fico, Espa\u00f1a se aproxima a esa media con un 29% de hogares unipersonales, pero acumula una brecha de 13 puntos porcentuales respecto a Alemania o Francia. En cambio, en Espa\u00f1a el tipo de hogar m\u00e1s frecuente es el que Eurostat clasifica como \u00abotros tipos\u00bb, que agrupa a dos o m\u00e1s adultos que no forman pareja (hijos adultos que conviven con sus padres o personas que comparten vivienda), un reflejo de las dificultades de emancipaci\u00f3n. Aun as\u00ed, el 29% es una cifra considerable y en ascenso.<\/p>\n<p><img loading=\"lazy\" decoding=\"async\" class=\"aligncenter wp-image-13154 size-large\" src=\"http:\/\/webecpol.esade.edu\/wp-content\/uploads\/2026\/04\/composicion_hogares-2-1080x648.png\" alt=\"\" width=\"1080\" height=\"648\" srcset=\"http:\/\/webecpol.esade.edu\/wp-content\/uploads\/2026\/04\/composicion_hogares-2-1080x648.png 1080w, http:\/\/webecpol.esade.edu\/wp-content\/uploads\/2026\/04\/composicion_hogares-2-600x360.png 600w, http:\/\/webecpol.esade.edu\/wp-content\/uploads\/2026\/04\/composicion_hogares-2-300x180.png 300w, http:\/\/webecpol.esade.edu\/wp-content\/uploads\/2026\/04\/composicion_hogares-2-768x461.png 768w, http:\/\/webecpol.esade.edu\/wp-content\/uploads\/2026\/04\/composicion_hogares-2-1536x922.png 1536w, http:\/\/webecpol.esade.edu\/wp-content\/uploads\/2026\/04\/composicion_hogares-2-2048x1229.png 2048w\" sizes=\"(max-width: 1080px) 100vw, 1080px\" \/><\/p>\n<p>Como ilustra el gr\u00e1fico a continuaci\u00f3n, en cinco de los seis pa\u00edses analizados los menores de 65 a\u00f1os son mayor\u00eda dentro de los hogares unipersonales, y Espa\u00f1a destaca como el \u00fanico donde su peso ha crecido de forma sostenida en los \u00faltimos tres a\u00f1os. No se trata de un fen\u00f3meno marginal ni reciente: entre 2015 y 2024, los hogares unipersonales sin hijos crecieron en Europa un 16,9%, casi el triple que el resto de las tipolog\u00edas (Eurostat, 2025). En Espa\u00f1a, el INE proyecta que para 2039 uno de cada tres hogares ser\u00e1 unipersonal (INE, 2024).<\/p>\n<p><img loading=\"lazy\" decoding=\"async\" class=\"aligncenter wp-image-13139 size-large\" src=\"http:\/\/webecpol.esade.edu\/wp-content\/uploads\/2026\/04\/hogares_unipersonales-1080x648.png\" alt=\"\" width=\"1080\" height=\"648\" srcset=\"http:\/\/webecpol.esade.edu\/wp-content\/uploads\/2026\/04\/hogares_unipersonales-1080x648.png 1080w, http:\/\/webecpol.esade.edu\/wp-content\/uploads\/2026\/04\/hogares_unipersonales-600x360.png 600w, http:\/\/webecpol.esade.edu\/wp-content\/uploads\/2026\/04\/hogares_unipersonales-300x180.png 300w, http:\/\/webecpol.esade.edu\/wp-content\/uploads\/2026\/04\/hogares_unipersonales-768x461.png 768w, http:\/\/webecpol.esade.edu\/wp-content\/uploads\/2026\/04\/hogares_unipersonales-1536x922.png 1536w, http:\/\/webecpol.esade.edu\/wp-content\/uploads\/2026\/04\/hogares_unipersonales-2048x1229.png 2048w\" sizes=\"(max-width: 1080px) 100vw, 1080px\" \/><\/p>\n<p style=\"font-weight: 400;\">Al desagregar por grupos de edad, el crecimiento de los hogares unipersonales se concentra principalmente en el tramo de 35 a 45 a\u00f1os, que pasa del 11,2% al 13,1% entre 2022 y 2025. Entre los m\u00e1s j\u00f3venes, de 18 a 35 a\u00f1os, el aumento es menor \u2014del 5,3% al 6,4%\u2014, pero debe interpretarse en el contexto de las dificultades de emancipaci\u00f3n que atraviesa este grupo en Espa\u00f1a. De hecho, solo un tercio de los j\u00f3venes espa\u00f1oles estaba emancipado en el 2025, el m\u00ednimo hist\u00f3rico de la serie de la propia Encuesta de Condiciones de Vida. Se podr\u00eda decir, entonces, que de los pocos que logran emanciparse, una parte creciente lo hace para formar un hogar unipersonal.<\/p>\n<p><img loading=\"lazy\" decoding=\"async\" class=\"aligncenter wp-image-13179 size-large\" src=\"http:\/\/webecpol.esade.edu\/wp-content\/uploads\/2026\/04\/hogares_unipersonales_edad_esp-1-1080x648.png\" alt=\"\" width=\"1080\" height=\"648\" srcset=\"http:\/\/webecpol.esade.edu\/wp-content\/uploads\/2026\/04\/hogares_unipersonales_edad_esp-1-1080x648.png 1080w, http:\/\/webecpol.esade.edu\/wp-content\/uploads\/2026\/04\/hogares_unipersonales_edad_esp-1-600x360.png 600w, http:\/\/webecpol.esade.edu\/wp-content\/uploads\/2026\/04\/hogares_unipersonales_edad_esp-1-300x180.png 300w, http:\/\/webecpol.esade.edu\/wp-content\/uploads\/2026\/04\/hogares_unipersonales_edad_esp-1-768x461.png 768w, http:\/\/webecpol.esade.edu\/wp-content\/uploads\/2026\/04\/hogares_unipersonales_edad_esp-1-1536x922.png 1536w, http:\/\/webecpol.esade.edu\/wp-content\/uploads\/2026\/04\/hogares_unipersonales_edad_esp-1-2048x1229.png 2048w\" sizes=\"(max-width: 1080px) 100vw, 1080px\" \/><\/p>\n<h4 style=\"font-weight: 400;\"><strong>Estar solo multiplica el coste de la vivienda<\/strong><\/h4>\n<p style=\"font-weight: 400;\">Al desglosar por mayores y menores de 65, emerge una fractura que se repite en todos estos pa\u00edses europeos: en Espa\u00f1a, Alemania, Pa\u00edses Bajos y Francia, los hogares unipersonales menores de 65 a\u00f1os tienen sistem\u00e1ticamente m\u00e1s dificultades para llegar a fin de mes que los mayores. En el caso de Espa\u00f1a, esta brecha tiene adem\u00e1s una trayectoria preocupante: desde 2020, la proporci\u00f3n de hogares unipersonales menores de 65 a\u00f1os con dificultades ha escalado hasta cerca del 30%, mientras la de los mayores de 65 se ha mantenido por debajo del 20%. Este patr\u00f3n no implica que los mayores est\u00e9n exentos de vulnerabilidad econ\u00f3mica, sino que los menores presentan una dificultad desproporcionada que merece atenci\u00f3n espec\u00edfica.<\/p>\n<p><img loading=\"lazy\" decoding=\"async\" class=\"aligncenter wp-image-13176 size-large\" src=\"http:\/\/webecpol.esade.edu\/wp-content\/uploads\/2026\/04\/jovenes_vs_mayores-1-1080x648.png\" alt=\"\" width=\"1080\" height=\"648\" srcset=\"http:\/\/webecpol.esade.edu\/wp-content\/uploads\/2026\/04\/jovenes_vs_mayores-1-1080x648.png 1080w, http:\/\/webecpol.esade.edu\/wp-content\/uploads\/2026\/04\/jovenes_vs_mayores-1-600x360.png 600w, http:\/\/webecpol.esade.edu\/wp-content\/uploads\/2026\/04\/jovenes_vs_mayores-1-300x180.png 300w, http:\/\/webecpol.esade.edu\/wp-content\/uploads\/2026\/04\/jovenes_vs_mayores-1-768x461.png 768w, http:\/\/webecpol.esade.edu\/wp-content\/uploads\/2026\/04\/jovenes_vs_mayores-1-1536x922.png 1536w, http:\/\/webecpol.esade.edu\/wp-content\/uploads\/2026\/04\/jovenes_vs_mayores-1-2048x1229.png 2048w\" sizes=\"(max-width: 1080px) 100vw, 1080px\" \/><\/p>\n<p style=\"font-weight: 400;\">Una parte importante de esta dificultad puede explicarse por el peso de la vivienda sobre los ingresos. Como muestra el gr\u00e1fico siguiente, para los hogares unipersonales menores de 65 a\u00f1os con ingresos bajos \u2014por debajo del 60% de la mediana\u2014, el coste de la vivienda se acerca o supera el 60% de sus ingresos en los seis pa\u00edses analizados, muy por encima del umbral del 40% a partir del cual Eurostat considera que existe sobrecarga. Incluso entre los de renta alta, el esfuerzo ronda\u00a0el 20-25%. Una caracter\u00edstica estructural de los hogares unipersonales explica el diferencial : los costes fijos del hogar \u2014alquiler, suministros, comunidad\u2014 recaen \u00edntegramente sobre una sola persona, sin posibilidad de repartirse. La literatura denomina este fen\u00f3meno \u00abprima de soledad\u00bb.<\/p>\n<p><img loading=\"lazy\" decoding=\"async\" class=\"aligncenter wp-image-13148 size-large\" src=\"http:\/\/webecpol.esade.edu\/wp-content\/uploads\/2026\/04\/ingreso_destinado-1080x648.png\" alt=\"\" width=\"1080\" height=\"648\" srcset=\"http:\/\/webecpol.esade.edu\/wp-content\/uploads\/2026\/04\/ingreso_destinado-1080x648.png 1080w, http:\/\/webecpol.esade.edu\/wp-content\/uploads\/2026\/04\/ingreso_destinado-600x360.png 600w, http:\/\/webecpol.esade.edu\/wp-content\/uploads\/2026\/04\/ingreso_destinado-300x180.png 300w, http:\/\/webecpol.esade.edu\/wp-content\/uploads\/2026\/04\/ingreso_destinado-768x461.png 768w, http:\/\/webecpol.esade.edu\/wp-content\/uploads\/2026\/04\/ingreso_destinado-1536x922.png 1536w, http:\/\/webecpol.esade.edu\/wp-content\/uploads\/2026\/04\/ingreso_destinado-2048x1229.png 2048w\" sizes=\"(max-width: 1080px) 100vw, 1080px\" \/><\/p>\n<p style=\"font-weight: 400;\">Sin embargo, en todos los pa\u00edses analizados, los hogares de renta baja menores de 65 a\u00f1os destinan a la vivienda una proporci\u00f3n de sus ingresos considerablemente mayor que los mayores, lo que refleja que la brecha generacional no es un fen\u00f3meno exclusivamente espa\u00f1ol. En Espa\u00f1a esta diferencia es especialmente marcada, lo que apunta a dos factores que se refuerzan mutuamente. Por un lado, el sistema de pensiones act\u00faa como un estabilizador de rentas para los hogares mayores, reduciendo su vulnerabilidad relativa frente a los costes de vivienda. Por otro, como refleja el gr\u00e1fico de tenencia, en Espa\u00f1a una proporci\u00f3n muy elevada de hogares mayores son propietarios sin hipoteca (la m\u00e1s alta de los pa\u00edses analizados junto a Italia y Portugal), lo que reduce o elimina directamente su gasto en vivienda. Los hogares j\u00f3venes, en cambio, se reparten entre el alquiler de mercado y la propiedad con hipoteca, asumiendo costes corrientes elevados en un contexto de precios al alza y sin el colch\u00f3n patrimonial que caracteriza a las cohortes mayores. Esta asimetr\u00eda no es solo una fotograf\u00eda del presente: quienes hoy son j\u00f3venes-adultos en alquiler acumulan a\u00f1os de esfuerzo sin construir patrimonio inmobiliario, mientras quienes accedieron a la propiedad en d\u00e9cadas anteriores ven revalorizarse su activo: una \u00abtrampa intergeneracional de la vivienda\u00bb (EsadeEcPol, 2025). Conviene precisar, no obstante, que esta trampa no afecta por igual a todos: quienes cuentan con apoyo familiar o mayores ingresos pueden acceder a la propiedad y escapar de ella, lo que a\u00f1ade una dimensi\u00f3n de desigualdad interna dentro del propio grupo de menores de 65 a\u00f1os.<\/p>\n<p><img loading=\"lazy\" decoding=\"async\" class=\"aligncenter wp-image-13183 size-large\" src=\"http:\/\/webecpol.esade.edu\/wp-content\/uploads\/2026\/04\/regimen-1-1080x648.png\" alt=\"\" width=\"1080\" height=\"648\" srcset=\"http:\/\/webecpol.esade.edu\/wp-content\/uploads\/2026\/04\/regimen-1-1080x648.png 1080w, http:\/\/webecpol.esade.edu\/wp-content\/uploads\/2026\/04\/regimen-1-600x360.png 600w, http:\/\/webecpol.esade.edu\/wp-content\/uploads\/2026\/04\/regimen-1-300x180.png 300w, http:\/\/webecpol.esade.edu\/wp-content\/uploads\/2026\/04\/regimen-1-768x461.png 768w, http:\/\/webecpol.esade.edu\/wp-content\/uploads\/2026\/04\/regimen-1-1536x922.png 1536w, http:\/\/webecpol.esade.edu\/wp-content\/uploads\/2026\/04\/regimen-1-2048x1229.png 2048w\" sizes=\"(max-width: 1080px) 100vw, 1080px\" \/><\/p>\n<h4>Viviendas sobredimensionadas<\/h4>\n<p>La escasez de oferta de vivienda agrava la penalizaci\u00f3n para los hogares de rentas bajas, en la medida en que obliga a muchos hogares unipersonales a costear viviendas cada vez m\u00e1s caras. Pero el problema no es solo de precio: es tambi\u00e9n de dise\u00f1o. El parque residencial europeo fue construido mayoritariamente cuando el hogar tipo era una familia de varios miembros, y esa herencia sigue condicionando lo que hoy est\u00e1 disponible en el mercado. Los hogares unipersonales no solo pagan m\u00e1s por persona; en muchos casos pagan por espacio que no necesitan, porque la oferta de viviendas peque\u00f1as y asequibles es estructuralmente insuficiente.<\/p>\n<p style=\"font-weight: 400;\">Los datos sobre el tama\u00f1o de las viviendas habitadas por hogares unipersonales ilustran precisamente esa desconexi\u00f3n entre oferta y demanda. Como muestra el siguiente gr\u00e1fico, el n\u00famero medio de habitaciones \u2014definido por Eurostat como cuartos de uso exclusivamente residencial, excluyendo cocinas y ba\u00f1os\u2014 ronda las 3 en la mayor\u00eda de los pa\u00edses analizados. Espa\u00f1a constituye una excepci\u00f3n notable, con una media superior a 4 habitaciones, lo que sugiere que una parte importante de los hogares unipersonales espa\u00f1oles habita en viviendas sobredimensionadas respecto a las necesidades que podr\u00eda tener un hogar unipersonal.<\/p>\n<p><img loading=\"lazy\" decoding=\"async\" class=\"aligncenter wp-image-13142 size-large\" src=\"http:\/\/webecpol.esade.edu\/wp-content\/uploads\/2026\/04\/num_habitaciones-1080x648.png\" alt=\"\" width=\"1080\" height=\"648\" srcset=\"http:\/\/webecpol.esade.edu\/wp-content\/uploads\/2026\/04\/num_habitaciones-1080x648.png 1080w, http:\/\/webecpol.esade.edu\/wp-content\/uploads\/2026\/04\/num_habitaciones-600x360.png 600w, http:\/\/webecpol.esade.edu\/wp-content\/uploads\/2026\/04\/num_habitaciones-300x180.png 300w, http:\/\/webecpol.esade.edu\/wp-content\/uploads\/2026\/04\/num_habitaciones-768x461.png 768w, http:\/\/webecpol.esade.edu\/wp-content\/uploads\/2026\/04\/num_habitaciones-1536x922.png 1536w, http:\/\/webecpol.esade.edu\/wp-content\/uploads\/2026\/04\/num_habitaciones-2048x1229.png 2048w\" sizes=\"(max-width: 1080px) 100vw, 1080px\" \/><\/p>\n<p style=\"font-weight: 400;\">El desglose por comunidades aut\u00f3nomas confirma que el sobredimensionamiento es un patr\u00f3n estructural que se repite en todo el territorio: en ninguna CCAA la media de los hogares unipersonales baja de las 4 habitaciones. La brecha respecto a otros tipos de hogar es adem\u00e1s relativamente constante en todas las regiones, lo que apunta a un desajuste del parque residencial espa\u00f1ol m\u00e1s que a din\u00e1micas locales espec\u00edficas. Castilla-La Mancha, Galicia y Castilla y Le\u00f3n presentan las medias m\u00e1s elevadas, mientras Canarias y Madrid se sit\u00faan en el extremo inferior, aunque incluso all\u00ed el valor ronda las 4 habitaciones.<\/p>\n<p><img loading=\"lazy\" decoding=\"async\" class=\"aligncenter wp-image-13173 size-large\" src=\"http:\/\/webecpol.esade.edu\/wp-content\/uploads\/2026\/04\/hab_ccaa-2-1080x864.png\" alt=\"\" width=\"1080\" height=\"864\" srcset=\"http:\/\/webecpol.esade.edu\/wp-content\/uploads\/2026\/04\/hab_ccaa-2-1080x864.png 1080w, http:\/\/webecpol.esade.edu\/wp-content\/uploads\/2026\/04\/hab_ccaa-2-600x480.png 600w, http:\/\/webecpol.esade.edu\/wp-content\/uploads\/2026\/04\/hab_ccaa-2-300x240.png 300w, http:\/\/webecpol.esade.edu\/wp-content\/uploads\/2026\/04\/hab_ccaa-2-768x614.png 768w, http:\/\/webecpol.esade.edu\/wp-content\/uploads\/2026\/04\/hab_ccaa-2-1536x1229.png 1536w, http:\/\/webecpol.esade.edu\/wp-content\/uploads\/2026\/04\/hab_ccaa-2-2048x1638.png 2048w\" sizes=\"(max-width: 1080px) 100vw, 1080px\" \/><\/p>\n<p style=\"font-weight: 400;\">Vivir solo supone, en las condiciones actuales, una carga econ\u00f3mica desproporcionada. El peso del coste de la vivienda sobre los ingresos, la concentraci\u00f3n creciente en el alquiler, un parque residencial que no se ajusta a las demandas y las barreras de acceso a la propiedad configuran un problema estructural que trasciende las decisiones individuales. Abordarlo requiere actuar sobre la oferta:<\/p>\n<ul>\n<li>Orientar la nueva construcci\u00f3n hacia tipolog\u00edas ajustadas a la demanda real. Mientras el parque residencial siga dominado por viviendas dise\u00f1adas para hogares familiares, los hogares unipersonales continuar\u00e1n pagando por espacio que no necesitan.<\/li>\n<li>Facilitar la segregaci\u00f3n de grandes viviendas en zonas de alta demanda. Incentivar fiscal o administrativamente la divisi\u00f3n de viviendas de gran tama\u00f1o (especialmente las de m\u00e1s de 150 m\u00b2 en centros urbanos) permitir\u00eda ampliar la oferta de unidades peque\u00f1as sin necesidad de nueva construcci\u00f3n.<\/li>\n<li>Aumentar la oferta de alquiler social o asequible espec\u00edficamente dirigida a hogares unipersonales.<\/li>\n<\/ul>\n<p style=\"font-weight: 400;\"><em><strong>Referencias<\/strong><\/em><\/p>\n<p style=\"font-weight: 400;\">Eurostat. (2025). Household composition statistics. Statistics Explained. European Commission.<\/p>\n<p style=\"font-weight: 400;\">Eurostat. (2025). Living conditions in Europe \u2013 housing. Statistics Explained. European Commission.<\/p>\n<p style=\"font-weight: 400;\">EsadeEcPol. (2024). Radiograf\u00eda de la evoluci\u00f3n de los patrimonios de los hogares en Espa\u00f1a. EsadeEcPol Brief.<\/p>\n<p>Instituto Nacional de Estad\u00edstica. (2024, 24 de junio). <em>Proyecci\u00f3n de hogares. A\u00f1os 2024-2039<\/em> [Nota de prensa]<\/p>\n","protected":false},"excerpt":{"rendered":"<p>Ideas clave \u2192 El 29% de los hogares en Espa\u00f1a son unipersonales, algo por debajo de la media europea (37%) pero con una tendencia al alza en un grupo concreto: el crecimiento se concentra en los menores de 65 a\u00f1os, especialmente en el tramo de 35 a 45, que pasa del 11,2% al 13,1% entre [&hellip;]<\/p>\n","protected":false},"author":10,"featured_media":13154,"comment_status":"closed","ping_status":"closed","sticky":false,"template":"","format":"standard","meta":{"footnotes":""},"yoast_head":"<!-- This site is optimized with the Yoast SEO plugin v22.9 - https:\/\/yoast.com\/wordpress\/plugins\/seo\/ -->\n<title>Vivir solo en Europa - Center for Economic Policy - EsadeEcPol<\/title>\n<meta name=\"description\" content=\"Vivir solo ya no es la excepci\u00f3n. En 2024 alrededor del 35% de los hogares de la Uni\u00f3n Europea eran personas que viv\u00edan solas sin hijos\" \/>\n<meta name=\"robots\" content=\"index, follow, max-snippet:-1, max-image-preview:large, max-video-preview:-1\" \/>\n<link rel=\"canonical\" href=\"http:\/\/webecpol.esade.edu\/es\/vivir-solo-en-europa\/\" \/>\n<meta property=\"og:locale\" content=\"es_ES\" \/>\n<meta property=\"og:type\" content=\"article\" \/>\n<meta property=\"og:title\" content=\"Vivir solo en Europa - Center for Economic Policy - EsadeEcPol\" \/>\n<meta property=\"og:description\" content=\"Vivir solo ya no es la excepci\u00f3n. En 2024 alrededor del 35% de los hogares de la Uni\u00f3n Europea eran personas que viv\u00edan solas sin hijos\" \/>\n<meta property=\"og:url\" content=\"http:\/\/webecpol.esade.edu\/es\/vivir-solo-en-europa\/\" \/>\n<meta property=\"og:site_name\" content=\"Center for Economic Policy - EsadeEcPol\" \/>\n<meta property=\"article:published_time\" content=\"2026-04-30T06:06:38+00:00\" \/>\n<meta property=\"article:modified_time\" content=\"2026-04-30T06:08:18+00:00\" \/>\n<meta property=\"og:image\" content=\"http:\/\/webecpol.esade.edu\/wp-content\/uploads\/2026\/04\/composicion_hogares-2.png\" \/>\n\t<meta property=\"og:image:width\" content=\"3000\" \/>\n\t<meta property=\"og:image:height\" content=\"1800\" \/>\n\t<meta property=\"og:image:type\" content=\"image\/png\" \/>\n<meta name=\"author\" content=\"Jorge Galindo\" \/>\n<meta name=\"twitter:card\" content=\"summary_large_image\" \/>\n<meta name=\"twitter:creator\" content=\"@esadeecpol\" \/>\n<meta name=\"twitter:site\" content=\"@esadeecpol\" \/>\n<meta name=\"twitter:label1\" content=\"Escrito por\" \/>\n\t<meta name=\"twitter:data1\" content=\"Jorge Galindo\" \/>\n\t<meta name=\"twitter:label2\" content=\"Tiempo de lectura\" \/>\n\t<meta name=\"twitter:data2\" content=\"9 minutos\" \/>\n<script type=\"application\/ld+json\" class=\"yoast-schema-graph\">{\"@context\":\"https:\/\/schema.org\",\"@graph\":[{\"@type\":\"WebPage\",\"@id\":\"http:\/\/webecpol.esade.edu\/es\/vivir-solo-en-europa\/\",\"url\":\"http:\/\/webecpol.esade.edu\/es\/vivir-solo-en-europa\/\",\"name\":\"Vivir solo en Europa - Center for Economic Policy - EsadeEcPol\",\"isPartOf\":{\"@id\":\"http:\/\/webecpol.esade.edu\/es\/#website\"},\"primaryImageOfPage\":{\"@id\":\"http:\/\/webecpol.esade.edu\/es\/vivir-solo-en-europa\/#primaryimage\"},\"image\":{\"@id\":\"http:\/\/webecpol.esade.edu\/es\/vivir-solo-en-europa\/#primaryimage\"},\"thumbnailUrl\":\"http:\/\/webecpol.esade.edu\/wp-content\/uploads\/2026\/04\/composicion_hogares-2.png\",\"datePublished\":\"2026-04-30T06:06:38+00:00\",\"dateModified\":\"2026-04-30T06:08:18+00:00\",\"author\":{\"@id\":\"http:\/\/webecpol.esade.edu\/es\/#\/schema\/person\/1da709a4195cd67e71a79c751010780d\"},\"description\":\"Vivir solo ya no es la excepci\u00f3n. En 2024 alrededor del 35% de los hogares de la Uni\u00f3n Europea eran personas que viv\u00edan solas sin hijos\",\"breadcrumb\":{\"@id\":\"http:\/\/webecpol.esade.edu\/es\/vivir-solo-en-europa\/#breadcrumb\"},\"inLanguage\":\"es\",\"potentialAction\":[{\"@type\":\"ReadAction\",\"target\":[\"http:\/\/webecpol.esade.edu\/es\/vivir-solo-en-europa\/\"]}]},{\"@type\":\"ImageObject\",\"inLanguage\":\"es\",\"@id\":\"http:\/\/webecpol.esade.edu\/es\/vivir-solo-en-europa\/#primaryimage\",\"url\":\"http:\/\/webecpol.esade.edu\/wp-content\/uploads\/2026\/04\/composicion_hogares-2.png\",\"contentUrl\":\"http:\/\/webecpol.esade.edu\/wp-content\/uploads\/2026\/04\/composicion_hogares-2.png\",\"width\":3000,\"height\":1800},{\"@type\":\"BreadcrumbList\",\"@id\":\"http:\/\/webecpol.esade.edu\/es\/vivir-solo-en-europa\/#breadcrumb\",\"itemListElement\":[{\"@type\":\"ListItem\",\"position\":1,\"name\":\"Portada\",\"item\":\"http:\/\/webecpol.esade.edu\/es\/\"},{\"@type\":\"ListItem\",\"position\":2,\"name\":\"Vivir solo en Europa\"}]},{\"@type\":\"WebSite\",\"@id\":\"http:\/\/webecpol.esade.edu\/es\/#website\",\"url\":\"http:\/\/webecpol.esade.edu\/es\/\",\"name\":\"Center for Economic Policy - EsadeEcPol\",\"description\":\"\",\"potentialAction\":[{\"@type\":\"SearchAction\",\"target\":{\"@type\":\"EntryPoint\",\"urlTemplate\":\"http:\/\/webecpol.esade.edu\/es\/?s={search_term_string}\"},\"query-input\":\"required name=search_term_string\"}],\"inLanguage\":\"es\"},{\"@type\":\"Person\",\"@id\":\"http:\/\/webecpol.esade.edu\/es\/#\/schema\/person\/1da709a4195cd67e71a79c751010780d\",\"name\":\"Jorge Galindo\",\"image\":{\"@type\":\"ImageObject\",\"inLanguage\":\"es\",\"@id\":\"http:\/\/webecpol.esade.edu\/es\/#\/schema\/person\/image\/\",\"url\":\"http:\/\/2.gravatar.com\/avatar\/5f0b80c893afe6d756952fe0ea35b2e0?s=96&d=mm&r=g\",\"contentUrl\":\"http:\/\/2.gravatar.com\/avatar\/5f0b80c893afe6d756952fe0ea35b2e0?s=96&d=mm&r=g\",\"caption\":\"Jorge Galindo\"},\"url\":\"http:\/\/webecpol.esade.edu\/es\/author\/jorge-galindoesade-edu\/\"}]}<\/script>\n<!-- \/ Yoast SEO plugin. -->","yoast_head_json":{"title":"Vivir solo en Europa - Center for Economic Policy - EsadeEcPol","description":"Vivir solo ya no es la excepci\u00f3n. En 2024 alrededor del 35% de los hogares de la Uni\u00f3n Europea eran personas que viv\u00edan solas sin hijos","robots":{"index":"index","follow":"follow","max-snippet":"max-snippet:-1","max-image-preview":"max-image-preview:large","max-video-preview":"max-video-preview:-1"},"canonical":"http:\/\/webecpol.esade.edu\/es\/vivir-solo-en-europa\/","og_locale":"es_ES","og_type":"article","og_title":"Vivir solo en Europa - Center for Economic Policy - EsadeEcPol","og_description":"Vivir solo ya no es la excepci\u00f3n. En 2024 alrededor del 35% de los hogares de la Uni\u00f3n Europea eran personas que viv\u00edan solas sin hijos","og_url":"http:\/\/webecpol.esade.edu\/es\/vivir-solo-en-europa\/","og_site_name":"Center for Economic Policy - EsadeEcPol","article_published_time":"2026-04-30T06:06:38+00:00","article_modified_time":"2026-04-30T06:08:18+00:00","og_image":[{"width":3000,"height":1800,"url":"http:\/\/webecpol.esade.edu\/wp-content\/uploads\/2026\/04\/composicion_hogares-2.png","type":"image\/png"}],"author":"Jorge Galindo","twitter_card":"summary_large_image","twitter_creator":"@esadeecpol","twitter_site":"@esadeecpol","twitter_misc":{"Escrito por":"Jorge Galindo","Tiempo de lectura":"9 minutos"},"schema":{"@context":"https:\/\/schema.org","@graph":[{"@type":"WebPage","@id":"http:\/\/webecpol.esade.edu\/es\/vivir-solo-en-europa\/","url":"http:\/\/webecpol.esade.edu\/es\/vivir-solo-en-europa\/","name":"Vivir solo en Europa - Center for Economic Policy - EsadeEcPol","isPartOf":{"@id":"http:\/\/webecpol.esade.edu\/es\/#website"},"primaryImageOfPage":{"@id":"http:\/\/webecpol.esade.edu\/es\/vivir-solo-en-europa\/#primaryimage"},"image":{"@id":"http:\/\/webecpol.esade.edu\/es\/vivir-solo-en-europa\/#primaryimage"},"thumbnailUrl":"http:\/\/webecpol.esade.edu\/wp-content\/uploads\/2026\/04\/composicion_hogares-2.png","datePublished":"2026-04-30T06:06:38+00:00","dateModified":"2026-04-30T06:08:18+00:00","author":{"@id":"http:\/\/webecpol.esade.edu\/es\/#\/schema\/person\/1da709a4195cd67e71a79c751010780d"},"description":"Vivir solo ya no es la excepci\u00f3n. En 2024 alrededor del 35% de los hogares de la Uni\u00f3n Europea eran personas que viv\u00edan solas sin hijos","breadcrumb":{"@id":"http:\/\/webecpol.esade.edu\/es\/vivir-solo-en-europa\/#breadcrumb"},"inLanguage":"es","potentialAction":[{"@type":"ReadAction","target":["http:\/\/webecpol.esade.edu\/es\/vivir-solo-en-europa\/"]}]},{"@type":"ImageObject","inLanguage":"es","@id":"http:\/\/webecpol.esade.edu\/es\/vivir-solo-en-europa\/#primaryimage","url":"http:\/\/webecpol.esade.edu\/wp-content\/uploads\/2026\/04\/composicion_hogares-2.png","contentUrl":"http:\/\/webecpol.esade.edu\/wp-content\/uploads\/2026\/04\/composicion_hogares-2.png","width":3000,"height":1800},{"@type":"BreadcrumbList","@id":"http:\/\/webecpol.esade.edu\/es\/vivir-solo-en-europa\/#breadcrumb","itemListElement":[{"@type":"ListItem","position":1,"name":"Portada","item":"http:\/\/webecpol.esade.edu\/es\/"},{"@type":"ListItem","position":2,"name":"Vivir solo en Europa"}]},{"@type":"WebSite","@id":"http:\/\/webecpol.esade.edu\/es\/#website","url":"http:\/\/webecpol.esade.edu\/es\/","name":"Center for Economic Policy - EsadeEcPol","description":"","potentialAction":[{"@type":"SearchAction","target":{"@type":"EntryPoint","urlTemplate":"http:\/\/webecpol.esade.edu\/es\/?s={search_term_string}"},"query-input":"required name=search_term_string"}],"inLanguage":"es"},{"@type":"Person","@id":"http:\/\/webecpol.esade.edu\/es\/#\/schema\/person\/1da709a4195cd67e71a79c751010780d","name":"Jorge Galindo","image":{"@type":"ImageObject","inLanguage":"es","@id":"http:\/\/webecpol.esade.edu\/es\/#\/schema\/person\/image\/","url":"http:\/\/2.gravatar.com\/avatar\/5f0b80c893afe6d756952fe0ea35b2e0?s=96&d=mm&r=g","contentUrl":"http:\/\/2.gravatar.com\/avatar\/5f0b80c893afe6d756952fe0ea35b2e0?s=96&d=mm&r=g","caption":"Jorge Galindo"},"url":"http:\/\/webecpol.esade.edu\/es\/author\/jorge-galindoesade-edu\/"}]}},"_links":{"self":[{"href":"http:\/\/webecpol.esade.edu\/es\/wp-json\/wp\/v2\/posts\/13134"}],"collection":[{"href":"http:\/\/webecpol.esade.edu\/es\/wp-json\/wp\/v2\/posts"}],"about":[{"href":"http:\/\/webecpol.esade.edu\/es\/wp-json\/wp\/v2\/types\/post"}],"author":[{"embeddable":true,"href":"http:\/\/webecpol.esade.edu\/es\/wp-json\/wp\/v2\/users\/10"}],"replies":[{"embeddable":true,"href":"http:\/\/webecpol.esade.edu\/es\/wp-json\/wp\/v2\/comments?post=13134"}],"version-history":[{"count":16,"href":"http:\/\/webecpol.esade.edu\/es\/wp-json\/wp\/v2\/posts\/13134\/revisions"}],"predecessor-version":[{"id":13196,"href":"http:\/\/webecpol.esade.edu\/es\/wp-json\/wp\/v2\/posts\/13134\/revisions\/13196"}],"wp:featuredmedia":[{"embeddable":true,"href":"http:\/\/webecpol.esade.edu\/es\/wp-json\/wp\/v2\/media\/13154"}],"wp:attachment":[{"href":"http:\/\/webecpol.esade.edu\/es\/wp-json\/wp\/v2\/media?parent=13134"}],"curies":[{"name":"wp","href":"https:\/\/api.w.org\/{rel}","templated":true}]}}