{"id":10831,"date":"2022-01-09T09:38:55","date_gmt":"2022-01-09T08:38:55","guid":{"rendered":"http:\/\/webecpol.esade.edu\/?p=10831"},"modified":"2025-10-06T16:40:58","modified_gmt":"2025-10-06T14:40:58","slug":"como-fue-la-inflacion-en-2023-para-los-hogares-pobres-y-ricos-en-espana","status":"publish","type":"post","link":"http:\/\/webecpol.esade.edu\/ca\/blog\/como-fue-la-inflacion-en-2023-para-los-hogares-pobres-y-ricos-en-espana\/","title":{"rendered":"C\u00f3mo fue la inflaci\u00f3n en 2023 para los hogares pobres y ricos en Espa\u00f1a"},"content":{"rendered":"<div style=\"padding: 18px; background-color: #225e9c33; border: 1px solid ##225e9c33; font-size: 16px;\">\n<h3>Ideas clave<\/h3>\n<p><span style=\"color: #225e9c;\">\u2192<\/span> En 2021 el IPC de los hogares m\u00e1s pobres fue sustancialmente mayor al de los hogares m\u00e1s ricos por el encarecimiento de la electricidad. En 2022 se empez\u00f3 a igualar, y en 2023 se ha cerrado el c\u00edrculo con una imagen contraria: el IPC es menor para los hogares con menos recursos.<\/p>\n<p><span style=\"color: #225e9c;\">\u2192<\/span> La raz\u00f3n est\u00e1 sobre todo en la ca\u00edda en el precio de la electricidad y el gas, impulsada por las rebajas fiscales a principios de 2023.<\/p>\n<p><span style=\"color: #225e9c;\">\u2192<\/span> Los alimentos y los carburantes son los componentes que m\u00e1s han empujado al alza el IPC de los hogares m\u00e1s pobres; para los m\u00e1s ricos ha sido el crecimiento de los precios restauraci\u00f3n, servicios de alojamiento y el resto de los bienes.<\/p>\n<p><span style=\"color: #225e9c;\">\u2192<\/span> La progresiva retirada de las rebajas fiscales a la electricidad y al gas a lo largo de este a\u00f1o, de concretarse, cambiar\u00e1 la imagen de la inflaci\u00f3n por tramos de ingresos en 2024.<\/p>\n<\/div>\n<p>&nbsp;<\/p>\n<p><span data-contrast=\"auto\">Como cada a\u00f1o nuevo llega el momento de hacer balance del saldo que ha dejado la inflaci\u00f3n a lo largo del a\u00f1o pasado y, m\u00e1s concretamente, como ha variado ese saldo entre hogares seg\u00fan su capacidad econ\u00f3mica. <\/span><a href=\"https:\/\/www.esade.edu\/ecpol\/es\/blog\/2021-un-ano-marcado-por-la-inflacion\/\"><span data-contrast=\"auto\">E<\/span><span data-contrast=\"none\">n 2021<\/span><\/a><span data-contrast=\"auto\"> vimos que el saldo fue tremendamente negativo para los de menos recursos por el encarecimiento de la electricidad. <\/span><a href=\"https:\/\/www.esade.edu\/ecpol\/es\/blog\/las-desigualdades-en-el-impacto-de-la-inflacion-en-2022-compensadas-por-la-electricidad\/\"><span data-contrast=\"none\">En 2022<\/span><\/a><span data-contrast=\"auto\"> la imagen fue sustancialmente diferente, con una tasa interanual del IPC muy homog\u00e9nea entre los diferentes grupos de hogares, precisamente por el comienzo en la ca\u00edda de los precios de la electricidad y el crecimiento de los precios de la restauraci\u00f3n y el transporte, especialmente los precios de compra de veh\u00edculos. Y este a\u00f1o la imagen ha vuelto a cambiar.<\/span><\/p>\n<p><img loading=\"lazy\" decoding=\"async\" class=\"aligncenter wp-image-10847 size-large\" src=\"http:\/\/webecpol.esade.edu\/wp-content\/uploads\/2024\/01\/Gr1_ipcxdeciles-2-1080x720.png\" alt=\"\" width=\"1080\" height=\"720\" srcset=\"http:\/\/webecpol.esade.edu\/wp-content\/uploads\/2024\/01\/Gr1_ipcxdeciles-2-1080x720.png 1080w, http:\/\/webecpol.esade.edu\/wp-content\/uploads\/2024\/01\/Gr1_ipcxdeciles-2-600x400.png 600w, http:\/\/webecpol.esade.edu\/wp-content\/uploads\/2024\/01\/Gr1_ipcxdeciles-2-300x200.png 300w, http:\/\/webecpol.esade.edu\/wp-content\/uploads\/2024\/01\/Gr1_ipcxdeciles-2-768x512.png 768w, http:\/\/webecpol.esade.edu\/wp-content\/uploads\/2024\/01\/Gr1_ipcxdeciles-2-1536x1024.png 1536w, http:\/\/webecpol.esade.edu\/wp-content\/uploads\/2024\/01\/Gr1_ipcxdeciles-2-2048x1366.png 2048w\" sizes=\"(max-width: 1080px) 100vw, 1080px\" \/><\/p>\n<p>&nbsp;<\/p>\n<p><span data-contrast=\"auto\">Como siempre, conviene empezar aclarando ciertos conceptos sobre el IPC. Aunque lo habitual es tratarlo como una cifra \u00fanica, lo cierto es que no deja de ser una media ponderada, basada en la composici\u00f3n de la cesta de consumo del hogar medio espa\u00f1ol. Si los hogares pasan a gastar un mayor porcentaje de su presupuesto en un grupo de bienes, cualquier cambio en su precio influir\u00e1 m\u00e1s en las variaciones del IPC. Para observarlo, empleando los microdatos de la Encuesta de Presupuestos Familiares (2022), dividimos a los hogares espa\u00f1oles en diez grupos seg\u00fan su nivel de gasto equivalente (que nos servir\u00e1 como un <\/span><i><span data-contrast=\"auto\">proxy <\/span><\/i><span data-contrast=\"auto\">de su renta). Calculamos, para cada uno de esos grupos desde el 10% con menor capacidad econ\u00f3mica (decil 1) hasta el <\/span><i><span data-contrast=\"auto\">top <\/span><\/i><span data-contrast=\"auto\">10% (decil 10), cu\u00e1l ha sido IPC interanual que han soportado en 2023, tomando para ello las cestas de consumo de cada grupo. 2023 trajo una inflaci\u00f3n interanual del 3,1%. sustancialmente menor al 5,4% del 2022, que adem\u00e1s fue creciente en funci\u00f3n de la capacidad econ\u00f3mica del hogar; es decir: aquellos hogares con mayor capacidad de compra enfrentaron un mayor crecimiento de sus precios respecto al resto. Si bien esta diferencia es modesta en puntos porcentuales (1,2 puntos de diferencia entre los deciles 1 y 10), no lo es en t\u00e9rminos relativos, puesto que el IPC experimentado por los hogares m\u00e1s pobres ser\u00eda alrededor de un 33% m\u00e1s bajo que el de los hogares m\u00e1s ricos en el \u00faltimo a\u00f1o.<\/span><span data-ccp-props=\"{&quot;201341983&quot;:0,&quot;335551550&quot;:6,&quot;335551620&quot;:6,&quot;335559740&quot;:276}\">\u00a0<\/span><\/p>\n<p><span data-contrast=\"auto\">Para entender por qu\u00e9 el 2023 nos ha dejado esta imagen podemos descomponer la variaci\u00f3n interanual de cada decil entre los diferentes grupos de bienes que m\u00e1s han contribuido a ella, ya sea positiva o negativamente, de modo que la suma de todos sus valores d\u00e9 como resultado los valores asociados al a\u00f1o 2023 en la gr\u00e1fica anterior. Este gr\u00e1fico es relativamente similar al que se corresponder\u00eda con el a\u00f1o 2022, pero hay cambios que implican que pasemos de un a\u00f1o con muy pocas diferencias en la inflaci\u00f3n por deciles a uno con diferencias sustanciales, y tendencia creciente. En primer lugar, la suma de los valores positivos en cada decil ya no es decreciente, como lo era en 2022. Aunque los alimentos y bebidas no alcoh\u00f3licas han vuelto a suponer un elemento clave de la inflaci\u00f3n de este a\u00f1o, especialmente entre los hogares m\u00e1s pobres, el crecimiento de los precios en la restauraci\u00f3n, los carburantes y el resto de los bienes y servicios han empujado al alza lo suficiente el IPC de los hogares m\u00e1s acomodados como para corregir el efecto regresivo que han jugado los alimentos.<\/span><span data-ccp-props=\"{&quot;201341983&quot;:0,&quot;335551550&quot;:6,&quot;335551620&quot;:6,&quot;335559740&quot;:276}\">\u00a0<\/span><\/p>\n<p><img loading=\"lazy\" decoding=\"async\" class=\"aligncenter wp-image-10841 size-large\" src=\"http:\/\/webecpol.esade.edu\/wp-content\/uploads\/2024\/01\/Gr2_contribucion-1080x720.png\" alt=\"\" width=\"1080\" height=\"720\" srcset=\"http:\/\/webecpol.esade.edu\/wp-content\/uploads\/2024\/01\/Gr2_contribucion-1080x720.png 1080w, http:\/\/webecpol.esade.edu\/wp-content\/uploads\/2024\/01\/Gr2_contribucion-600x400.png 600w, http:\/\/webecpol.esade.edu\/wp-content\/uploads\/2024\/01\/Gr2_contribucion-300x200.png 300w, http:\/\/webecpol.esade.edu\/wp-content\/uploads\/2024\/01\/Gr2_contribucion-768x512.png 768w, http:\/\/webecpol.esade.edu\/wp-content\/uploads\/2024\/01\/Gr2_contribucion-1536x1024.png 1536w, http:\/\/webecpol.esade.edu\/wp-content\/uploads\/2024\/01\/Gr2_contribucion-2048x1366.png 2048w\" sizes=\"(max-width: 1080px) 100vw, 1080px\" \/><\/p>\n<p>&nbsp;<\/p>\n<p>&nbsp;<\/p>\n<p><span data-contrast=\"auto\">En segundo lugar, la bajada en el precio de la electricidad ha vuelto a tener un papel clave, reduciendo sustancialmente la tasa de inflaci\u00f3n que enfrentaron los hogares m\u00e1s pobres mientras dejaba pr\u00e1cticamente constante la que experimentaron los m\u00e1s acomodados.\u00a0 Adem\u00e1s, a la electricidad se ha sumado este a\u00f1o el gas, aunque de forma mucho m\u00e1s modesta en t\u00e9rminos cuantitativos, reduciendo el IPC especialmente entre los m\u00e1s pobres. La suma de ambas cosas(inflaci\u00f3n positiva apenas diferencial entre deciles e inflaci\u00f3n negativa en dos productos clave muy sesgada hacia los deciles bajos) es lo que nos ha dejado la imagen creciente del IPC con la capacidad econ\u00f3mica del hogar en el pasado 2023.<\/span><span data-ccp-props=\"{&quot;201341983&quot;:0,&quot;335551550&quot;:6,&quot;335551620&quot;:6,&quot;335559740&quot;:276}\">\u00a0<\/span><\/p>\n<p><span data-contrast=\"auto\">El gr\u00e1fico anterior puede descomponerse a su vez en dos partes, puesto que la contribuci\u00f3n de cada categor\u00eda de bienes al IPC no es m\u00e1s que el resultado de multiplicar su variaci\u00f3n de precios por su peso dentro del gasto monetario (es decir, de la cesta) de cada decil. Sabiendo esto, los dos siguientes gr\u00e1ficos nos indican que parte de esta multiplicaci\u00f3n es la que ha contribuido m\u00e1s en cada caso. Por ejemplo, es claro que, en el caso de los alimentos, cuyo precio ha subido m\u00e1s del doble respecto a la media del IPC, la raz\u00f3n predominante ha sido su enorme peso en el presupuesto de los hogares, que se acerca al 30% para los hogares m\u00e1s pobres. En el lado opuesto, para la electricidad y el gas, el factor que m\u00e1s ha contribuido es su dr\u00e1stico cambio de precios en 2023, que ha ca\u00eddo casi un 20%, puesto que su peso sobre el gasto total es m\u00e1s bien modesto en comparaci\u00f3n con el resto de las partidas.<\/span><span data-ccp-props=\"{&quot;201341983&quot;:0,&quot;335551550&quot;:6,&quot;335551620&quot;:6,&quot;335559740&quot;:259}\">\u00a0<\/span><\/p>\n<p><img loading=\"lazy\" decoding=\"async\" class=\"aligncenter wp-image-10838 size-large\" src=\"http:\/\/webecpol.esade.edu\/wp-content\/uploads\/2024\/01\/Gr3_Incremento-1080x720.png\" alt=\"\" width=\"1080\" height=\"720\" srcset=\"http:\/\/webecpol.esade.edu\/wp-content\/uploads\/2024\/01\/Gr3_Incremento-1080x720.png 1080w, http:\/\/webecpol.esade.edu\/wp-content\/uploads\/2024\/01\/Gr3_Incremento-600x400.png 600w, http:\/\/webecpol.esade.edu\/wp-content\/uploads\/2024\/01\/Gr3_Incremento-300x200.png 300w, http:\/\/webecpol.esade.edu\/wp-content\/uploads\/2024\/01\/Gr3_Incremento-768x512.png 768w, http:\/\/webecpol.esade.edu\/wp-content\/uploads\/2024\/01\/Gr3_Incremento-1536x1024.png 1536w, http:\/\/webecpol.esade.edu\/wp-content\/uploads\/2024\/01\/Gr3_Incremento-2048x1366.png 2048w\" sizes=\"(max-width: 1080px) 100vw, 1080px\" \/><\/p>\n<p><img loading=\"lazy\" decoding=\"async\" class=\"aligncenter wp-image-10835 size-large\" src=\"http:\/\/webecpol.esade.edu\/wp-content\/uploads\/2024\/01\/Gr4_distribucion-1080x720.png\" alt=\"\" width=\"1080\" height=\"720\" srcset=\"http:\/\/webecpol.esade.edu\/wp-content\/uploads\/2024\/01\/Gr4_distribucion-1080x720.png 1080w, http:\/\/webecpol.esade.edu\/wp-content\/uploads\/2024\/01\/Gr4_distribucion-600x400.png 600w, http:\/\/webecpol.esade.edu\/wp-content\/uploads\/2024\/01\/Gr4_distribucion-300x200.png 300w, http:\/\/webecpol.esade.edu\/wp-content\/uploads\/2024\/01\/Gr4_distribucion-768x512.png 768w, http:\/\/webecpol.esade.edu\/wp-content\/uploads\/2024\/01\/Gr4_distribucion-1536x1024.png 1536w, http:\/\/webecpol.esade.edu\/wp-content\/uploads\/2024\/01\/Gr4_distribucion-2048x1366.png 2048w\" sizes=\"(max-width: 1080px) 100vw, 1080px\" \/><\/p>\n<p><span data-contrast=\"auto\">En suma, 2023 ha cerrado el c\u00edrculo que se abri\u00f3 en 2021 con el tremendo incremento del precio de la electricidad, ayudando a compensar su ca\u00edda en 2022 y 2023 el crecimiento en el precio de los alimentos y otras partidas relevantes. Merece la pena destacar que el efecto que ha jugado la electricidad en los \u00faltimos dos a\u00f1os (y el gas en el \u00faltimo) ha estado decisivamente apoyado por rebajas impositivas en el IVA y otros impuestos que, recordemos, se incrementar\u00e1n este a\u00f1o. De aprobarse los decretos pendientes, el IVA a la electricidad subir\u00eda del 5% al 10% y el impuesto especial a la electricidad pasar\u00f1ia desde el 0,5% al 2,5% en el primer trimestre del a\u00f1o y al 3,8% en el segundo. El IVA al gas, del 5 % al 10 %, con la diferencia de que volver\u00e1 a aumentar hasta el 21 % original a partir del 1 de abril. Como ya vimos en pasados <\/span><a href=\"https:\/\/www.esade.edu\/ecpol\/es\/publicaciones\/la-reduccion-del-iva-en-los-alimentos-basicos-evaluacion-y-recomendaciones\/\"><span data-contrast=\"none\">documentos<\/span><\/a><span data-contrast=\"auto\">, estas rebajas impositivas fueron, en t\u00e9rminos generales, bastante ineficientes en t\u00e9rminos distributivos respecto a otras pol\u00edticas como el IMV, al no tener ninguna forma de discriminar por renta y, adicionalmente, distorsionaron las se\u00f1ales de precios necesarias para fomentar el ahorro energ\u00e9tico. A\u00fan con todo lo anterior, su retirada contribuir\u00e1 a reducir el efecto igualador que han tenido estos dos bienes en 2023, y abre la puerta a que, en 2024, estos pasen a contribuir positivamente al IPC. Por tanto, la utilizaci\u00f3n de esos nuevos impuestos reintroducidos por el estado ser\u00e1 lo que, en \u00faltima instancia, determinar\u00e1 el saldo final muchos hogares a lo largo de este nuevo a\u00f1o.<\/span><span data-ccp-props=\"{&quot;201341983&quot;:0,&quot;335551550&quot;:6,&quot;335551620&quot;:6,&quot;335559740&quot;:276}\">\u00a0<\/span><\/p>\n","protected":false},"excerpt":{"rendered":"<p>Ideas clave \u2192 En 2021 el IPC de los hogares m\u00e1s pobres fue sustancialmente mayor al de los hogares m\u00e1s ricos por el encarecimiento de la electricidad. En 2022 se empez\u00f3 a igualar, y en 2023 se ha cerrado el c\u00edrculo con una imagen contraria: el IPC es menor para los hogares con menos recursos. [&hellip;]<\/p>\n","protected":false},"author":6,"featured_media":10847,"comment_status":"closed","ping_status":"closed","sticky":false,"template":"","format":"standard","meta":{"footnotes":""},"yoast_head":"<!-- This site is optimized with the Yoast SEO plugin v22.9 - https:\/\/yoast.com\/wordpress\/plugins\/seo\/ -->\n<title>C\u00f3mo fue la inflaci\u00f3n en 2023 para los hogares pobres y ricos en Espa\u00f1a - Center for Economic Policy - EsadeEcPol<\/title>\n<meta name=\"robots\" content=\"index, follow, max-snippet:-1, max-image-preview:large, max-video-preview:-1\" \/>\n<link rel=\"canonical\" href=\"http:\/\/webecpol.esade.edu\/es\/como-fue-la-inflacion-en-2023-para-los-hogares-pobres-y-ricos-en-espana\/\" \/>\n<meta property=\"og:locale\" content=\"ca_ES\" \/>\n<meta property=\"og:type\" content=\"article\" \/>\n<meta property=\"og:title\" content=\"C\u00f3mo fue la inflaci\u00f3n en 2023 para los hogares pobres y ricos en Espa\u00f1a - Center for Economic Policy - EsadeEcPol\" \/>\n<meta property=\"og:description\" content=\"Ideas clave \u2192 En 2021 el IPC de los hogares m\u00e1s pobres fue sustancialmente mayor al de los hogares m\u00e1s ricos por el encarecimiento de la electricidad. En 2022 se empez\u00f3 a igualar, y en 2023 se ha cerrado el c\u00edrculo con una imagen contraria: el IPC es menor para los hogares con menos recursos. [&hellip;]\" \/>\n<meta property=\"og:url\" content=\"http:\/\/webecpol.esade.edu\/es\/como-fue-la-inflacion-en-2023-para-los-hogares-pobres-y-ricos-en-espana\/\" \/>\n<meta property=\"og:site_name\" content=\"Center for Economic Policy - EsadeEcPol\" \/>\n<meta property=\"article:published_time\" content=\"2022-01-09T08:38:55+00:00\" \/>\n<meta property=\"article:modified_time\" content=\"2025-10-06T14:40:58+00:00\" \/>\n<meta property=\"og:image\" content=\"http:\/\/webecpol.esade.edu\/wp-content\/uploads\/2024\/01\/Gr1_ipcxdeciles-2.png\" \/>\n\t<meta property=\"og:image:width\" content=\"2125\" \/>\n\t<meta property=\"og:image:height\" content=\"1417\" \/>\n\t<meta property=\"og:image:type\" content=\"image\/png\" \/>\n<meta name=\"author\" content=\"Natalia Collado\" \/>\n<meta name=\"twitter:card\" content=\"summary_large_image\" \/>\n<meta name=\"twitter:creator\" content=\"@esadeecpol\" \/>\n<meta name=\"twitter:site\" content=\"@esadeecpol\" \/>\n<meta name=\"twitter:label1\" content=\"Escrit per\" \/>\n\t<meta name=\"twitter:data1\" content=\"Natalia Collado\" \/>\n\t<meta name=\"twitter:label2\" content=\"Temps estimat de lectura\" \/>\n\t<meta name=\"twitter:data2\" content=\"7 minuts\" \/>\n<script type=\"application\/ld+json\" class=\"yoast-schema-graph\">{\"@context\":\"https:\/\/schema.org\",\"@graph\":[{\"@type\":\"WebPage\",\"@id\":\"http:\/\/webecpol.esade.edu\/es\/como-fue-la-inflacion-en-2023-para-los-hogares-pobres-y-ricos-en-espana\/\",\"url\":\"http:\/\/webecpol.esade.edu\/es\/como-fue-la-inflacion-en-2023-para-los-hogares-pobres-y-ricos-en-espana\/\",\"name\":\"C\u00f3mo fue la inflaci\u00f3n en 2023 para los hogares pobres y ricos en Espa\u00f1a - Center for Economic Policy - EsadeEcPol\",\"isPartOf\":{\"@id\":\"http:\/\/webecpol.esade.edu\/es\/#website\"},\"primaryImageOfPage\":{\"@id\":\"http:\/\/webecpol.esade.edu\/es\/como-fue-la-inflacion-en-2023-para-los-hogares-pobres-y-ricos-en-espana\/#primaryimage\"},\"image\":{\"@id\":\"http:\/\/webecpol.esade.edu\/es\/como-fue-la-inflacion-en-2023-para-los-hogares-pobres-y-ricos-en-espana\/#primaryimage\"},\"thumbnailUrl\":\"http:\/\/webecpol.esade.edu\/wp-content\/uploads\/2024\/01\/Gr1_ipcxdeciles-2.png\",\"datePublished\":\"2022-01-09T08:38:55+00:00\",\"dateModified\":\"2025-10-06T14:40:58+00:00\",\"author\":{\"@id\":\"http:\/\/webecpol.esade.edu\/es\/#\/schema\/person\/e3a2d2faa6082725245d3e740e7a4b4d\"},\"breadcrumb\":{\"@id\":\"http:\/\/webecpol.esade.edu\/es\/como-fue-la-inflacion-en-2023-para-los-hogares-pobres-y-ricos-en-espana\/#breadcrumb\"},\"inLanguage\":\"ca\",\"potentialAction\":[{\"@type\":\"ReadAction\",\"target\":[\"http:\/\/webecpol.esade.edu\/es\/como-fue-la-inflacion-en-2023-para-los-hogares-pobres-y-ricos-en-espana\/\"]}]},{\"@type\":\"ImageObject\",\"inLanguage\":\"ca\",\"@id\":\"http:\/\/webecpol.esade.edu\/es\/como-fue-la-inflacion-en-2023-para-los-hogares-pobres-y-ricos-en-espana\/#primaryimage\",\"url\":\"http:\/\/webecpol.esade.edu\/wp-content\/uploads\/2024\/01\/Gr1_ipcxdeciles-2.png\",\"contentUrl\":\"http:\/\/webecpol.esade.edu\/wp-content\/uploads\/2024\/01\/Gr1_ipcxdeciles-2.png\",\"width\":2125,\"height\":1417},{\"@type\":\"BreadcrumbList\",\"@id\":\"http:\/\/webecpol.esade.edu\/es\/como-fue-la-inflacion-en-2023-para-los-hogares-pobres-y-ricos-en-espana\/#breadcrumb\",\"itemListElement\":[{\"@type\":\"ListItem\",\"position\":1,\"name\":\"Portada\",\"item\":\"http:\/\/webecpol.esade.edu\/ca\/\"},{\"@type\":\"ListItem\",\"position\":2,\"name\":\"C\u00f3mo fue la inflaci\u00f3n en 2023 para los hogares pobres y ricos en Espa\u00f1a\"}]},{\"@type\":\"WebSite\",\"@id\":\"http:\/\/webecpol.esade.edu\/es\/#website\",\"url\":\"http:\/\/webecpol.esade.edu\/es\/\",\"name\":\"Center for Economic Policy - EsadeEcPol\",\"description\":\"\",\"potentialAction\":[{\"@type\":\"SearchAction\",\"target\":{\"@type\":\"EntryPoint\",\"urlTemplate\":\"http:\/\/webecpol.esade.edu\/es\/?s={search_term_string}\"},\"query-input\":\"required name=search_term_string\"}],\"inLanguage\":\"ca\"},{\"@type\":\"Person\",\"@id\":\"http:\/\/webecpol.esade.edu\/es\/#\/schema\/person\/e3a2d2faa6082725245d3e740e7a4b4d\",\"name\":\"Natalia Collado\",\"image\":{\"@type\":\"ImageObject\",\"inLanguage\":\"ca\",\"@id\":\"http:\/\/webecpol.esade.edu\/es\/#\/schema\/person\/image\/\",\"url\":\"http:\/\/2.gravatar.com\/avatar\/2f40c85c927b7c52c181b87314f6947d?s=96&d=mm&r=g\",\"contentUrl\":\"http:\/\/2.gravatar.com\/avatar\/2f40c85c927b7c52c181b87314f6947d?s=96&d=mm&r=g\",\"caption\":\"Natalia Collado\"},\"url\":\"http:\/\/webecpol.esade.edu\/ca\/author\/natalia-colladoesade-edu\/\"}]}<\/script>\n<!-- \/ Yoast SEO plugin. -->","yoast_head_json":{"title":"C\u00f3mo fue la inflaci\u00f3n en 2023 para los hogares pobres y ricos en Espa\u00f1a - Center for Economic Policy - EsadeEcPol","robots":{"index":"index","follow":"follow","max-snippet":"max-snippet:-1","max-image-preview":"max-image-preview:large","max-video-preview":"max-video-preview:-1"},"canonical":"http:\/\/webecpol.esade.edu\/es\/como-fue-la-inflacion-en-2023-para-los-hogares-pobres-y-ricos-en-espana\/","og_locale":"ca_ES","og_type":"article","og_title":"C\u00f3mo fue la inflaci\u00f3n en 2023 para los hogares pobres y ricos en Espa\u00f1a - Center for Economic Policy - EsadeEcPol","og_description":"Ideas clave \u2192 En 2021 el IPC de los hogares m\u00e1s pobres fue sustancialmente mayor al de los hogares m\u00e1s ricos por el encarecimiento de la electricidad. En 2022 se empez\u00f3 a igualar, y en 2023 se ha cerrado el c\u00edrculo con una imagen contraria: el IPC es menor para los hogares con menos recursos. [&hellip;]","og_url":"http:\/\/webecpol.esade.edu\/es\/como-fue-la-inflacion-en-2023-para-los-hogares-pobres-y-ricos-en-espana\/","og_site_name":"Center for Economic Policy - EsadeEcPol","article_published_time":"2022-01-09T08:38:55+00:00","article_modified_time":"2025-10-06T14:40:58+00:00","og_image":[{"width":2125,"height":1417,"url":"http:\/\/webecpol.esade.edu\/wp-content\/uploads\/2024\/01\/Gr1_ipcxdeciles-2.png","type":"image\/png"}],"author":"Natalia Collado","twitter_card":"summary_large_image","twitter_creator":"@esadeecpol","twitter_site":"@esadeecpol","twitter_misc":{"Escrit per":"Natalia Collado","Temps estimat de lectura":"7 minuts"},"schema":{"@context":"https:\/\/schema.org","@graph":[{"@type":"WebPage","@id":"http:\/\/webecpol.esade.edu\/es\/como-fue-la-inflacion-en-2023-para-los-hogares-pobres-y-ricos-en-espana\/","url":"http:\/\/webecpol.esade.edu\/es\/como-fue-la-inflacion-en-2023-para-los-hogares-pobres-y-ricos-en-espana\/","name":"C\u00f3mo fue la inflaci\u00f3n en 2023 para los hogares pobres y ricos en Espa\u00f1a - Center for Economic Policy - EsadeEcPol","isPartOf":{"@id":"http:\/\/webecpol.esade.edu\/es\/#website"},"primaryImageOfPage":{"@id":"http:\/\/webecpol.esade.edu\/es\/como-fue-la-inflacion-en-2023-para-los-hogares-pobres-y-ricos-en-espana\/#primaryimage"},"image":{"@id":"http:\/\/webecpol.esade.edu\/es\/como-fue-la-inflacion-en-2023-para-los-hogares-pobres-y-ricos-en-espana\/#primaryimage"},"thumbnailUrl":"http:\/\/webecpol.esade.edu\/wp-content\/uploads\/2024\/01\/Gr1_ipcxdeciles-2.png","datePublished":"2022-01-09T08:38:55+00:00","dateModified":"2025-10-06T14:40:58+00:00","author":{"@id":"http:\/\/webecpol.esade.edu\/es\/#\/schema\/person\/e3a2d2faa6082725245d3e740e7a4b4d"},"breadcrumb":{"@id":"http:\/\/webecpol.esade.edu\/es\/como-fue-la-inflacion-en-2023-para-los-hogares-pobres-y-ricos-en-espana\/#breadcrumb"},"inLanguage":"ca","potentialAction":[{"@type":"ReadAction","target":["http:\/\/webecpol.esade.edu\/es\/como-fue-la-inflacion-en-2023-para-los-hogares-pobres-y-ricos-en-espana\/"]}]},{"@type":"ImageObject","inLanguage":"ca","@id":"http:\/\/webecpol.esade.edu\/es\/como-fue-la-inflacion-en-2023-para-los-hogares-pobres-y-ricos-en-espana\/#primaryimage","url":"http:\/\/webecpol.esade.edu\/wp-content\/uploads\/2024\/01\/Gr1_ipcxdeciles-2.png","contentUrl":"http:\/\/webecpol.esade.edu\/wp-content\/uploads\/2024\/01\/Gr1_ipcxdeciles-2.png","width":2125,"height":1417},{"@type":"BreadcrumbList","@id":"http:\/\/webecpol.esade.edu\/es\/como-fue-la-inflacion-en-2023-para-los-hogares-pobres-y-ricos-en-espana\/#breadcrumb","itemListElement":[{"@type":"ListItem","position":1,"name":"Portada","item":"http:\/\/webecpol.esade.edu\/ca\/"},{"@type":"ListItem","position":2,"name":"C\u00f3mo fue la inflaci\u00f3n en 2023 para los hogares pobres y ricos en Espa\u00f1a"}]},{"@type":"WebSite","@id":"http:\/\/webecpol.esade.edu\/es\/#website","url":"http:\/\/webecpol.esade.edu\/es\/","name":"Center for Economic Policy - EsadeEcPol","description":"","potentialAction":[{"@type":"SearchAction","target":{"@type":"EntryPoint","urlTemplate":"http:\/\/webecpol.esade.edu\/es\/?s={search_term_string}"},"query-input":"required name=search_term_string"}],"inLanguage":"ca"},{"@type":"Person","@id":"http:\/\/webecpol.esade.edu\/es\/#\/schema\/person\/e3a2d2faa6082725245d3e740e7a4b4d","name":"Natalia Collado","image":{"@type":"ImageObject","inLanguage":"ca","@id":"http:\/\/webecpol.esade.edu\/es\/#\/schema\/person\/image\/","url":"http:\/\/2.gravatar.com\/avatar\/2f40c85c927b7c52c181b87314f6947d?s=96&d=mm&r=g","contentUrl":"http:\/\/2.gravatar.com\/avatar\/2f40c85c927b7c52c181b87314f6947d?s=96&d=mm&r=g","caption":"Natalia Collado"},"url":"http:\/\/webecpol.esade.edu\/ca\/author\/natalia-colladoesade-edu\/"}]}},"_links":{"self":[{"href":"http:\/\/webecpol.esade.edu\/ca\/wp-json\/wp\/v2\/posts\/10831"}],"collection":[{"href":"http:\/\/webecpol.esade.edu\/ca\/wp-json\/wp\/v2\/posts"}],"about":[{"href":"http:\/\/webecpol.esade.edu\/ca\/wp-json\/wp\/v2\/types\/post"}],"author":[{"embeddable":true,"href":"http:\/\/webecpol.esade.edu\/ca\/wp-json\/wp\/v2\/users\/6"}],"replies":[{"embeddable":true,"href":"http:\/\/webecpol.esade.edu\/ca\/wp-json\/wp\/v2\/comments?post=10831"}],"version-history":[{"count":6,"href":"http:\/\/webecpol.esade.edu\/ca\/wp-json\/wp\/v2\/posts\/10831\/revisions"}],"predecessor-version":[{"id":11341,"href":"http:\/\/webecpol.esade.edu\/ca\/wp-json\/wp\/v2\/posts\/10831\/revisions\/11341"}],"wp:featuredmedia":[{"embeddable":true,"href":"http:\/\/webecpol.esade.edu\/ca\/wp-json\/wp\/v2\/media\/10847"}],"wp:attachment":[{"href":"http:\/\/webecpol.esade.edu\/ca\/wp-json\/wp\/v2\/media?parent=10831"}],"curies":[{"name":"wp","href":"https:\/\/api.w.org\/{rel}","templated":true}]}}