{"id":1854,"date":"2026-09-01T08:00:00","date_gmt":"2026-09-01T06:00:00","guid":{"rendered":"https:\/\/wpbeyond.esade.edu\/?p=1854"},"modified":"2026-08-31T09:24:08","modified_gmt":"2026-08-31T07:24:08","slug":"profesiones-futuro","status":"publish","type":"post","link":"https:\/\/www.esade.edu\/beyond\/es\/profesiones-futuro\/","title":{"rendered":"Profesiones del futuro: c\u00f3mo la IA est\u00e1 redefiniendo el mercado laboral"},"content":{"rendered":"<div id=\"bsf_rt_marker\"><\/div>\n<p class=\"wp-block-paragraph\">La inteligencia artificial ya no es una promesa futura, sino una fuerza que est\u00e1 transformando el mercado laboral en tiempo real: redefine funciones, responsabilidades y modelos de trabajo, dando lugar a nuevas profesiones del futuro y a una nueva forma de generar valor en las organizaciones.<\/p>\n\n\n\n<p class=\"wp-block-paragraph\">Para directivos, <em>managers<\/em> y profesionales en activo, <strong>la pregunta clave ya no es si la IA afectar\u00e1 a su carrera, sino c\u00f3mo adaptarse estrat\u00e9gicamente<\/strong> para seguir siendo relevante en un entorno cada vez m\u00e1s automatizado.<\/p>\n\n\n\n<p class=\"wp-block-paragraph\">En este contexto, <strong>adquirir una visi\u00f3n aplicada y de negocio sobre la IA se ha convertido en una ventaja competitiva clara<\/strong>, especialmente cuando se desarrolla a trav\u00e9s de iniciativas formativas de prestigio como el <a href=\"https:\/\/www.esade.edu\/executive-education\/es\/programas-de-especializacion\/programa-de-especializacion-en-inteligencia-artificial-empresarial\"><strong>Programa de Especializaci\u00f3n en Inteligencia Artificial Empresarial<\/strong><\/a> <strong><\/strong>de Esade, orientado a integrar la IA en la toma de decisiones y en los procesos organizativos.<\/p>\n\n\n\n<h2 class=\"wp-block-heading\">La gran transformaci\u00f3n: qu\u00e9 est\u00e1 cambiando realmente en el mercado laboral<\/h2>\n\n\n\n<p class=\"wp-block-paragraph\">El impacto de la IA no se limita a la adopci\u00f3n de nuevas herramientas. Est\u00e1 alterando la arquitectura misma del trabajo: qu\u00e9 tareas se realizan, c\u00f3mo se organizan los equipos y d\u00f3nde se genera el valor dentro de las organizaciones.<\/p>\n\n\n\n<p class=\"wp-block-paragraph\">Como se\u00f1ala el McKinsey Global Institute en su <a href=\"https:\/\/www.mckinsey.com\/mgi\/our-research\/agents-robots-and-us-skill-partnerships-in-the-age-of-ai\" target=\"_blank\" rel=\"noreferrer noopener\">informe <em>Agents, robots, and us: Skill partnerships in the age of AI<\/em><\/a>, el verdadero impacto de la inteligencia artificial no se traduce en una sustituci\u00f3n masiva del empleo, sino en una <strong>reconfiguraci\u00f3n profunda de las tareas y de las habilidades necesarias para generar valor<\/strong>, basada en la colaboraci\u00f3n entre personas, agentes digitales y sistemas automatizados.<\/p>\n\n\n\n<p class=\"wp-block-paragraph\">Seg\u00fan el mismo estudio, <strong>las tecnolog\u00edas actuales podr\u00edan automatizar hasta un 57 % de las horas de trabajo<\/strong> en determinadas econom\u00edas avanzadas. Sin embargo, automatizable no significa autom\u00e1ticamente reemplazable: en un amplio porcentaje de casos, lo que cambia no es el puesto, sino la composici\u00f3n de sus tareas.<\/p>\n\n\n\n<blockquote class=\"wp-block-quote is-layout-flow wp-block-quote-is-layout-flow\">\n<p class=\"wp-block-paragraph\">Automatizable no significa autom\u00e1ticamente reemplazable. En la mayor\u00eda de los casos, el trabajo no desaparece, se redise\u00f1a.<\/p>\n<\/blockquote>\n\n\n\n<p class=\"wp-block-paragraph\">Este desplazamiento explica por qu\u00e9 muchas profesiones tecnol\u00f3gicas del futuro no surgen \u00fanicamente de nuevos sectores, sino de la transformaci\u00f3n de roles existentes. El valor profesional se desplaza desde la ejecuci\u00f3n rutinaria hacia <strong>el criterio experto, la supervisi\u00f3n estrat\u00e9gica y la capacidad de integrar tecnolog\u00eda en decisiones de negocio<\/strong>.<\/p>\n\n\n\n<p class=\"wp-block-paragraph\">Como se\u00f1ala Josep Llu\u00eds Cano en su art\u00edculo sobre <a href=\"https:\/\/dobetter.esade.edu\/es\/inteligencia-artificial-empleo\">la inteligencia artificial en el empleo<\/a>, la IA puede aportar mejoras en la productividad y complementar el trabajo humano, especialmente en aquellas ocupaciones que requieren un alto nivel de compromiso cognitivo y habilidades avanzadas.<\/p>\n\n\n\n<h3 class=\"wp-block-heading\">Sectores con mayor impacto<\/h3>\n\n\n\n<p class=\"wp-block-paragraph\">Aunque suele hablarse de sectores m\u00e1s o menos afectados, el impacto de la IA depende en gran medida de la naturaleza de las tareas, m\u00e1s que de la industria en s\u00ed. Cuanto m\u00e1s estructuradas, repetibles o basadas en el an\u00e1lisis intensivo de datos son las actividades, mayor es su potencial de automatizaci\u00f3n.<\/p>\n\n\n\n<p class=\"wp-block-paragraph\">Por ello, \u00e1mbitos <strong>como finanzas, consultor\u00eda, marketing, operaciones, salud o log\u00edstica<\/strong> \u2014intensivos en informaci\u00f3n y procesos\u2014 <strong>est\u00e1n experimentando una transformaci\u00f3n acelerada<\/strong>. La IA asume tareas anal\u00edticas y operativas, mientras los profesionales se concentran en la interpretaci\u00f3n estrat\u00e9gica, la toma de decisiones complejas y la gesti\u00f3n de la incertidumbre.<\/p>\n\n\n\n<p class=\"wp-block-paragraph\">En este contexto emergen <strong>profesiones digitales del futuro<\/strong> vinculadas a la <strong>anal\u00edtica avanzada<\/strong>, la <strong>inteligencia artificial aplicada<\/strong>, la <strong>ciberseguridad<\/strong>, la <strong>experiencia de cliente<\/strong> o la <strong>sostenibilidad.<\/strong> No se trata \u00fanicamente de nuevos puestos, sino de roles h\u00edbridos que combinan conocimiento sectorial, capacidad tecnol\u00f3gica y visi\u00f3n estrat\u00e9gica.<\/p>\n\n\n\n<blockquote class=\"wp-block-quote is-layout-flow wp-block-quote-is-layout-flow\">\n<p class=\"wp-block-paragraph\">Muchas de las profesiones del futuro vinculadas a la inteligencia artificial surgen de la reconfiguraci\u00f3n de tareas y de la integraci\u00f3n de tecnolog\u00eda en funciones tradicionales.<\/p>\n<\/blockquote>\n\n\n\n<h2 class=\"wp-block-heading\">Habilidades para profesiones con futuro laboral: qu\u00e9 aprender ahora para mantenerse relevante<\/h2>\n\n\n\n<p class=\"wp-block-paragraph\">M\u00e1s all\u00e1 de los t\u00edtulos profesionales, el verdadero diferencial competitivo reside en las habilidades. El informe de McKinsey indica que <strong>m\u00e1s del 70 % de las capacidades actuales seguir\u00e1n siendo necesarias<\/strong> en el mercado laboral, aunque su peso relativo y su forma de aplicaci\u00f3n evolucionar\u00e1n significativamente en los pr\u00f3ximos a\u00f1os.<\/p>\n\n\n\n<p class=\"wp-block-paragraph\">La clave est\u00e1 en identificar qu\u00e9 competencias deben reforzarse, cu\u00e1les deben actualizarse y cu\u00e1les dejar\u00e1n de aportar valor. <strong>Comprender qu\u00e9 habilidades desarrollar es clave para acceder a profesiones con futuro laboral<\/strong> en un entorno cada vez m\u00e1s din\u00e1mico y exigente:<\/p>\n\n\n\n<h3 class=\"wp-block-heading\"><em>AI fluency<\/em><\/h3>\n\n\n\n<p class=\"wp-block-paragraph\">La <em>AI fluency<\/em> no implica programar algoritmos, sino entender c\u00f3mo funcionan las herramientas de IA, c\u00f3mo integrarlas en procesos de negocio y c\u00f3mo evaluar cr\u00edticamente sus resultados. McKinsey destaca que <strong>la demanda de esta competencia se ha multiplicado por siete en apenas dos a\u00f1os<\/strong>.<\/p>\n\n\n\n<p class=\"wp-block-paragraph\">Este enfoque conecta con la idea de aprovechar la <a href=\"https:\/\/dobetter.esade.edu\/es\/aprovechar-IA-profesional-aumentado\"><strong>IA para convertirte en profesional aumentado<\/strong><\/a>: un profesional que utiliza la tecnolog\u00eda para amplificar sus capacidades y mejorar sus resultados.<\/p>\n\n\n\n<h3 class=\"wp-block-heading\">Habilidades interpersonales que la IA no puede replicar<\/h3>\n\n\n\n<p class=\"wp-block-paragraph\">La automatizaci\u00f3n no reduce la importancia de las habilidades humanas; la incrementa. <strong>Liderazgo, comunicaci\u00f3n, negociaci\u00f3n, empat\u00eda o gesti\u00f3n del cambio<\/strong> son competencias menos expuestas a la automatizaci\u00f3n y cada vez m\u00e1s cr\u00edticas en entornos organizativos complejos.<\/p>\n\n\n\n<p class=\"wp-block-paragraph\"><strong>Estas habilidades permiten traducir el potencial tecnol\u00f3gico en impacto real<\/strong> sobre personas, equipos y clientes, y son determinantes para liderar procesos de transformaci\u00f3n.<\/p>\n\n\n\n<h3 class=\"wp-block-heading\">Pensamiento cr\u00edtico y resoluci\u00f3n de problemas complejos<\/h3>\n\n\n\n<p class=\"wp-block-paragraph\">La IA destaca en el an\u00e1lisis de grandes vol\u00famenes de datos, pero sigue necesitando <strong>supervisi\u00f3n humana para interpretar contextos ambiguos y tomar decisiones estrat\u00e9gicas<\/strong>. En este escenario, el pensamiento cr\u00edtico se convierte en una competencia central en las nuevas profesiones del futuro.<\/p>\n\n\n\n<p class=\"wp-block-paragraph\">Saber formular las preguntas adecuadas, cuestionar resultados y evaluar riesgos constituye una ventaja diferencial en entornos de alta incertidumbre. De ah\u00ed la importancia de combinar pensamiento cr\u00edtico y conocimiento experto para interpretar la informaci\u00f3n y tomar decisiones fundamentadas.<\/p>\n\n\n\n<h3 class=\"wp-block-heading\">Aprendizaje continuo<\/h3>\n\n\n\n<p class=\"wp-block-paragraph\">El futuro del trabajo exige una mentalidad de aprendizaje constante. A medida que las tareas evolucionan, tambi\u00e9n lo hacen las competencias necesarias para desempe\u00f1arlas con \u00e9xito.<\/p>\n\n\n\n<p class=\"wp-block-paragraph\"><strong>Invertir de forma constante en actualizaci\u00f3n profesional es clave<\/strong> para mantener la empleabilidad a medio y largo plazo.<\/p>\n\n\n\n<figure class=\"wp-block-image size-full\"><img loading=\"lazy\" decoding=\"async\" width=\"1000\" height=\"620\" src=\"https:\/\/www.esade.edu\/beyond\/wp-content\/uploads\/2026\/09\/reunion-de-equipo-en-una-oficina-contemporanea.jpg\" alt=\"La imagen muestra una reuni\u00f3n de equipo en una oficina contempor\u00e1nea, donde una profesional presenta informaci\u00f3n estrat\u00e9gica apoyada en una pantalla con an\u00e1lisis de habilidades y m\u00e9tricas relacionadas con el impacto de la inteligencia artificial. \" class=\"wp-image-1861\" srcset=\"https:\/\/www.esade.edu\/beyond\/wp-content\/uploads\/2026\/09\/reunion-de-equipo-en-una-oficina-contemporanea.jpg 1000w, https:\/\/www.esade.edu\/beyond\/wp-content\/uploads\/2026\/09\/reunion-de-equipo-en-una-oficina-contemporanea-300x186.jpg 300w, https:\/\/www.esade.edu\/beyond\/wp-content\/uploads\/2026\/09\/reunion-de-equipo-en-una-oficina-contemporanea-768x476.jpg 768w\" sizes=\"auto, (max-width: 1000px) 100vw, 1000px\" \/><\/figure>\n\n\n\n<h2 class=\"wp-block-heading\">C\u00f3mo prepararte para las profesiones del futuro<\/h2>\n\n\n\n<p class=\"wp-block-paragraph\">Adaptarse al nuevo mercado laboral requiere una estrategia clara y progresiva. <strong>No se trata de reinventarse desde cero, sino de evolucionar<\/strong> hacia profesiones con futuro laboral alineadas con la experiencia previa y con las din\u00e1micas del mercado.<\/p>\n\n\n\n<p class=\"wp-block-paragraph\">Esta transici\u00f3n puede abordarse con programas formativos como el <a href=\"https:\/\/www.esade.edu\/executive-education\/es\/programas-de-especializacion\/programa-de-especializacion-en-inteligencia-artificial-empresarial\">Programa de Especializaci\u00f3n en Inteligencia Artificial Empresarial de Esade<\/a>, que articula los conocimientos y herramientas clave en torno a cuatro ejes: autoevaluaci\u00f3n, formaci\u00f3n estrat\u00e9gica, experiencia pr\u00e1ctica y <em>networking<\/em> profesional.<\/p>\n\n\n\n<h3 class=\"wp-block-heading\">Autoevaluaci\u00f3n<\/h3>\n\n\n\n<p class=\"wp-block-paragraph\">El primer paso consiste en <strong>analizar qu\u00e9 tareas de tu rol actual son automatizables y cu\u00e1les aportan un valor humano diferencial<\/strong>. Este enfoque, en l\u00ednea con el an\u00e1lisis del McKinsey Global Institute, permite identificar oportunidades de evoluci\u00f3n profesional sin necesidad de romper con la trayectoria previa.<\/p>\n\n\n\n<p class=\"wp-block-paragraph\">La autoevaluaci\u00f3n estructurada facilita tomar decisiones formativas con mayor criterio y coherencia.<\/p>\n\n\n\n<h3 class=\"wp-block-heading\">Formaci\u00f3n estrat\u00e9gica<\/h3>\n\n\n\n<p class=\"wp-block-paragraph\">La formaci\u00f3n debe combinar una comprensi\u00f3n global del impacto de la IA en los negocios con aplicaciones concretas en distintos sectores. <strong>Integrar visi\u00f3n estrat\u00e9gica y especializaci\u00f3n<\/strong> permite trasladar la tecnolog\u00eda al contexto real de cada organizaci\u00f3n.<\/p>\n\n\n\n<p class=\"wp-block-paragraph\">Entender fen\u00f3menos como la IA generativa y su aplicaci\u00f3n en marketing, finanzas o innovaci\u00f3n resulta clave para <strong>convertir la tecnolog\u00eda en ventaja competitiva<\/strong>.<\/p>\n\n\n\n<h3 class=\"wp-block-heading\">Experiencia pr\u00e1ctica<\/h3>\n\n\n\n<p class=\"wp-block-paragraph\">La formaci\u00f3n es necesaria, pero insuficiente sin aplicaci\u00f3n real. Trabajar con herramientas de IA en el d\u00eda a d\u00eda permite entender sus l\u00edmites, identificar oportunidades y desarrollar criterio en contextos concretos. <strong>La experiencia pr\u00e1ctica acelera la curva de aprendizaje<\/strong> y reduce la distancia entre conocimiento t\u00e9cnico y decisi\u00f3n estrat\u00e9gica.<\/p>\n\n\n\n<h3 class=\"wp-block-heading\"><em>Networking<\/em> estrat\u00e9gico<\/h3>\n\n\n\n<p class=\"wp-block-paragraph\">Las nuevas profesiones no surgen en aislamiento, sino en ecosistemas interdisciplinares. Construir una red profesional diversa facilita el <strong>acceso a tendencias, oportunidades y aprendizajes<\/strong> que no siempre aparecen en los canales formales.<\/p>\n\n\n\n<p class=\"wp-block-paragraph\">El networking estrat\u00e9gico permite anticipar cambios, contrastar perspectivas y posicionarse mejor en entornos de transformaci\u00f3n acelerada.<\/p>\n\n\n\n<h2 class=\"wp-block-heading\">Preguntas frecuentes<\/h2>\n\n\n\n<h3 class=\"wp-block-heading\">\u00bfCu\u00e1les son las profesiones del futuro mejor pagadas?<\/h3>\n\n\n\n<p class=\"wp-block-paragraph\">Suelen ser aquellas que combinan conocimiento tecnol\u00f3gico, visi\u00f3n estrat\u00e9gica y capacidad de liderazgo. En particular, destacan los perfiles vinculados a datos, IA aplicada, ciberseguridad, transformaci\u00f3n digital y sostenibilidad, especialmente cuando integran responsabilidad en la toma de decisiones.<\/p>\n\n\n\n<h3 class=\"wp-block-heading\">\u00bfC\u00f3mo puedo prepararme para las nuevas profesiones del futuro?<\/h3>\n\n\n\n<p class=\"wp-block-paragraph\">Identificando qu\u00e9 competencias actuales siguen generando valor, reforzando capacidades estrat\u00e9gicas y adquiriendo experiencia pr\u00e1ctica con herramientas de IA. La clave no es empezar de cero, sino evolucionar hacia roles que combinen conocimiento sectorial y capacidad tecnol\u00f3gica.<\/p>\n\n\n\n<p class=\"wp-block-paragraph\">Formaciones como el <a href=\"https:\/\/www.esade.edu\/executive-education\/es\/programas-de-especializacion\/programa-de-especializacion-en-inteligencia-artificial-empresarial\">Programa de Especializaci\u00f3n en Inteligencia Artificial Empresarial de Esade<\/a> ofrecen un marco estructurado para abordar esta transici\u00f3n con una perspectiva estrat\u00e9gica y aplicada.<\/p>\n\n\n\n<h3 class=\"wp-block-heading\">\u00bfQu\u00e9 profesiones digitales del futuro tendr\u00e1n m\u00e1s demanda?<\/h3>\n\n\n\n<p class=\"wp-block-paragraph\">Las relacionadas con la gesti\u00f3n avanzada de datos, la inteligencia artificial, la automatizaci\u00f3n de procesos, la experiencia de cliente y la toma de decisiones basada en informaci\u00f3n. M\u00e1s que sectores concretos, la demanda depender\u00e1 del tipo de tareas y del nivel de responsabilidad y criterio que exijan.<\/p>\n\n\n\n<h3 class=\"wp-block-heading\">\u00bfCu\u00e1les son las nuevas profesiones del futuro creadas por la inteligencia artificial?<\/h3>\n\n\n\n<p class=\"wp-block-paragraph\">M\u00e1s que generar profesiones completamente nuevas, la IA est\u00e1 impulsando roles h\u00edbridos que combinan capacidades humanas y tecnol\u00f3gicas. La pregunta ya no es tanto <a href=\"https:\/\/dobetter.esade.edu\/es\/inteligencia-artificial-trabajo\">\u201c<em>\u00bfnos quitar\u00e1 el trabajo la inteligencia artificial?\u201d<\/em><\/a>, sino c\u00f3mo redise\u00f1ar el trabajo para hacerlo m\u00e1s productivo, estrat\u00e9gico y alineado con las capacidades que aporta la inteligencia artificial.<\/p>\n\n\n\n<p class=\"wp-block-paragraph\"><strong>Convierte la transformaci\u00f3n tecnol\u00f3gica en una oportunidad de crecimiento profesional con Esade.<\/strong> <a href=\"https:\/\/www.esade.edu\/executive-education\/es\/programas-de-especializacion\/programa-de-especializacion-en-inteligencia-artificial-empresarial\"><strong>Inf\u00f3rmate<\/strong><\/a> <strong>y recibe asesoramiento personalizado.<\/strong><\/p>\n\n\n\n<p class=\"wp-block-paragraph\"><\/p>\n","protected":false},"excerpt":{"rendered":"<p>La inteligencia artificial ya no es una promesa futura, sino una fuerza que est\u00e1 transformando el mercado laboral en tiempo real: redefine funciones, responsabilidades y modelos de trabajo, dando lugar a nuevas profesiones del futuro y a una nueva forma de generar valor en las organizaciones. Para directivos, managers y profesionales en activo, la pregunta [&hellip;]<\/p>\n","protected":false},"author":2,"featured_media":1855,"comment_status":"closed","ping_status":"closed","sticky":false,"template":"","format":"standard","meta":{"_acf_changed":false,"footnotes":""},"categories":[3],"tags":[],"class_list":["post-1854","post","type-post","status-publish","format-standard","has-post-thumbnail","hentry","category-empowering-talent"],"acf":[],"yoast_head":"<!-- This site is optimized with the Yoast SEO plugin v27.3 - https:\/\/yoast.com\/product\/yoast-seo-wordpress\/ -->\n<title>Nuevas profesiones del futuro digital | Esade<\/title>\n<meta name=\"description\" content=\"Descubre c\u00f3mo la IA est\u00e1 redefiniendo el mercado laboral, qu\u00e9 profesiones del futuro tendr\u00e1n m\u00e1s demanda y c\u00f3mo prepararte sin dejar tu empleo actual.\" \/>\n<meta name=\"robots\" content=\"index, follow, max-snippet:-1, max-image-preview:large, max-video-preview:-1\" \/>\n<link rel=\"canonical\" href=\"https:\/\/www.esade.edu\/beyond\/es\/profesiones-futuro\/\" \/>\n<meta property=\"og:locale\" content=\"es_ES\" \/>\n<meta property=\"og:type\" content=\"article\" \/>\n<meta property=\"og:title\" content=\"Nuevas profesiones del futuro digital | Esade\" \/>\n<meta property=\"og:description\" content=\"Descubre c\u00f3mo la IA est\u00e1 redefiniendo el mercado laboral, qu\u00e9 profesiones del futuro tendr\u00e1n m\u00e1s demanda y c\u00f3mo prepararte sin dejar tu empleo actual.\" \/>\n<meta property=\"og:url\" content=\"https:\/\/www.esade.edu\/beyond\/es\/profesiones-futuro\/\" \/>\n<meta property=\"og:site_name\" content=\"Beyond by Esade\" \/>\n<meta property=\"article:published_time\" content=\"2026-09-01T06:00:00+00:00\" \/>\n<meta property=\"og:image\" content=\"https:\/\/www.esade.edu\/beyond\/wp-content\/uploads\/2026\/08\/entorno-de-trabajo-moderno-donde-una-profesional-utiliza-una-tableta.jpg\" \/>\n\t<meta property=\"og:image:width\" content=\"1000\" \/>\n\t<meta property=\"og:image:height\" content=\"620\" \/>\n\t<meta property=\"og:image:type\" content=\"image\/jpeg\" \/>\n<meta name=\"author\" content=\"Yasmina\" \/>\n<meta name=\"twitter:card\" content=\"summary_large_image\" \/>\n<script type=\"application\/ld+json\" class=\"yoast-schema-graph\">{\"@context\":\"https:\\\/\\\/schema.org\",\"@graph\":[{\"@type\":[\"Article\",\"BlogPosting\"],\"@id\":\"https:\\\/\\\/www.esade.edu/beyond\\\/es\\\/profesiones-futuro\\\/#article\",\"isPartOf\":{\"@id\":\"https:\\\/\\\/www.esade.edu/beyond\\\/es\\\/profesiones-futuro\\\/\"},\"author\":{\"name\":\"Yasmina\",\"@id\":\"https:\\\/\\\/www.esade.edu/beyond\\\/es\\\/#\\\/schema\\\/person\\\/92445ad2e57388b7600c91d3bb0d5009\"},\"headline\":\"Profesiones del futuro: c\u00f3mo la IA est\u00e1 redefiniendo el mercado laboral\",\"datePublished\":\"2026-09-01T06:00:00+00:00\",\"mainEntityOfPage\":{\"@id\":\"https:\\\/\\\/www.esade.edu/beyond\\\/es\\\/profesiones-futuro\\\/\"},\"wordCount\":1691,\"image\":{\"@id\":\"https:\\\/\\\/www.esade.edu/beyond\\\/es\\\/profesiones-futuro\\\/#primaryimage\"},\"thumbnailUrl\":\"\\\/wp-content\\\/uploads\\\/2026\\\/08\\\/entorno-de-trabajo-moderno-donde-una-profesional-utiliza-una-tableta.jpg\",\"articleSection\":[\"Empowering Talent\"],\"inLanguage\":\"es\"},{\"@type\":[\"WebPage\",\"ItemPage\"],\"@id\":\"https:\\\/\\\/www.esade.edu/beyond\\\/es\\\/profesiones-futuro\\\/\",\"url\":\"https:\\\/\\\/www.esade.edu/beyond\\\/es\\\/profesiones-futuro\\\/\",\"name\":\"Nuevas profesiones del futuro digital | Esade\",\"isPartOf\":{\"@id\":\"https:\\\/\\\/www.esade.edu/beyond\\\/es\\\/#website\"},\"primaryImageOfPage\":{\"@id\":\"https:\\\/\\\/www.esade.edu/beyond\\\/es\\\/profesiones-futuro\\\/#primaryimage\"},\"image\":{\"@id\":\"https:\\\/\\\/www.esade.edu/beyond\\\/es\\\/profesiones-futuro\\\/#primaryimage\"},\"thumbnailUrl\":\"\\\/wp-content\\\/uploads\\\/2026\\\/08\\\/entorno-de-trabajo-moderno-donde-una-profesional-utiliza-una-tableta.jpg\",\"datePublished\":\"2026-09-01T06:00:00+00:00\",\"author\":{\"@id\":\"https:\\\/\\\/www.esade.edu/beyond\\\/es\\\/#\\\/schema\\\/person\\\/92445ad2e57388b7600c91d3bb0d5009\"},\"description\":\"Descubre c\u00f3mo la IA est\u00e1 redefiniendo el mercado laboral, qu\u00e9 profesiones del futuro tendr\u00e1n m\u00e1s demanda y c\u00f3mo prepararte sin dejar tu empleo actual.\",\"breadcrumb\":{\"@id\":\"https:\\\/\\\/www.esade.edu/beyond\\\/es\\\/profesiones-futuro\\\/#breadcrumb\"},\"inLanguage\":\"es\",\"potentialAction\":[{\"@type\":\"ReadAction\",\"target\":[\"https:\\\/\\\/www.esade.edu/beyond\\\/es\\\/profesiones-futuro\\\/\"]}]},{\"@type\":\"ImageObject\",\"inLanguage\":\"es\",\"@id\":\"https:\\\/\\\/www.esade.edu/beyond\\\/es\\\/profesiones-futuro\\\/#primaryimage\",\"url\":\"\\\/wp-content\\\/uploads\\\/2026\\\/08\\\/entorno-de-trabajo-moderno-donde-una-profesional-utiliza-una-tableta.jpg\",\"contentUrl\":\"\\\/wp-content\\\/uploads\\\/2026\\\/08\\\/entorno-de-trabajo-moderno-donde-una-profesional-utiliza-una-tableta.jpg\",\"width\":1000,\"height\":620,\"caption\":\"En la imagen se observa un entorno de trabajo moderno donde una profesional utiliza una tableta mientras, al fondo, un equipo colabora frente a una pantalla con gr\u00e1ficos y datos anal\u00edticos, reflejando un entorno empresarial impulsado por la tecnolog\u00eda.\"},{\"@type\":\"BreadcrumbList\",\"@id\":\"https:\\\/\\\/www.esade.edu/beyond\\\/es\\\/profesiones-futuro\\\/#breadcrumb\",\"itemListElement\":[{\"@type\":\"ListItem\",\"position\":1,\"name\":\"Portada\",\"item\":\"https:\\\/\\\/www.esade.edu/beyond\\\/es\\\/\"},{\"@type\":\"ListItem\",\"position\":2,\"name\":\"Profesiones del futuro: c\u00f3mo la IA est\u00e1 redefiniendo el mercado laboral\"}]},{\"@type\":\"WebSite\",\"@id\":\"https:\\\/\\\/www.esade.edu/beyond\\\/es\\\/#website\",\"url\":\"https:\\\/\\\/www.esade.edu/beyond\\\/es\\\/\",\"name\":\"Beyond by Esade\",\"description\":\"\",\"potentialAction\":[{\"@type\":\"SearchAction\",\"target\":{\"@type\":\"EntryPoint\",\"urlTemplate\":\"https:\\\/\\\/www.esade.edu/beyond\\\/es\\\/?s={search_term_string}\"},\"query-input\":{\"@type\":\"PropertyValueSpecification\",\"valueRequired\":true,\"valueName\":\"search_term_string\"}}],\"inLanguage\":\"es\"},{\"@type\":\"Person\",\"@id\":\"https:\\\/\\\/www.esade.edu/beyond\\\/es\\\/#\\\/schema\\\/person\\\/92445ad2e57388b7600c91d3bb0d5009\",\"name\":\"Yasmina\",\"url\":\"https:\\\/\\\/www.esade.edu/beyond\\\/es\\\/author\\\/v_yasmina\\\/\"}]}<\/script>\n<!-- \/ Yoast SEO plugin. -->","yoast_head_json":{"title":"Nuevas profesiones del futuro digital | Esade","description":"Descubre c\u00f3mo la IA est\u00e1 redefiniendo el mercado laboral, qu\u00e9 profesiones del futuro tendr\u00e1n m\u00e1s demanda y c\u00f3mo prepararte sin dejar tu empleo actual.","robots":{"index":"index","follow":"follow","max-snippet":"max-snippet:-1","max-image-preview":"max-image-preview:large","max-video-preview":"max-video-preview:-1"},"canonical":"https:\/\/www.esade.edu\/beyond\/es\/profesiones-futuro\/","og_locale":"es_ES","og_type":"article","og_title":"Nuevas profesiones del futuro digital | Esade","og_description":"Descubre c\u00f3mo la IA est\u00e1 redefiniendo el mercado laboral, qu\u00e9 profesiones del futuro tendr\u00e1n m\u00e1s demanda y c\u00f3mo prepararte sin dejar tu empleo actual.","og_url":"https:\/\/www.esade.edu\/beyond\/es\/profesiones-futuro\/","og_site_name":"Beyond by Esade","article_published_time":"2026-09-01T06:00:00+00:00","og_image":[{"width":1000,"height":620,"url":"https:\/\/www.esade.edu\/beyond\/wp-content\/uploads\/2026\/08\/entorno-de-trabajo-moderno-donde-una-profesional-utiliza-una-tableta.jpg","type":"image\/jpeg"}],"author":"Yasmina","twitter_card":"summary_large_image","schema":{"@context":"https:\/\/schema.org","@graph":[{"@type":["Article","BlogPosting"],"@id":"https:\/\/www.esade.edu\/beyond\/es\/profesiones-futuro\/#article","isPartOf":{"@id":"https:\/\/www.esade.edu\/beyond\/es\/profesiones-futuro\/"},"author":{"name":"Yasmina","@id":"https:\/\/www.esade.edu\/beyond\/es\/#\/schema\/person\/92445ad2e57388b7600c91d3bb0d5009"},"headline":"Profesiones del futuro: c\u00f3mo la IA est\u00e1 redefiniendo el mercado laboral","datePublished":"2026-09-01T06:00:00+00:00","mainEntityOfPage":{"@id":"https:\/\/www.esade.edu\/beyond\/es\/profesiones-futuro\/"},"wordCount":1691,"image":{"@id":"https:\/\/www.esade.edu\/beyond\/es\/profesiones-futuro\/#primaryimage"},"thumbnailUrl":"https:\/\/www.esade.edu\/beyond\/wp-content\/uploads\/2026\/08\/entorno-de-trabajo-moderno-donde-una-profesional-utiliza-una-tableta.jpg","articleSection":["Empowering Talent"],"inLanguage":"es"},{"@type":["WebPage","ItemPage"],"@id":"https:\/\/www.esade.edu\/beyond\/es\/profesiones-futuro\/","url":"https:\/\/www.esade.edu\/beyond\/es\/profesiones-futuro\/","name":"Nuevas profesiones del futuro digital | Esade","isPartOf":{"@id":"https:\/\/www.esade.edu\/beyond\/es\/#website"},"primaryImageOfPage":{"@id":"https:\/\/www.esade.edu\/beyond\/es\/profesiones-futuro\/#primaryimage"},"image":{"@id":"https:\/\/www.esade.edu\/beyond\/es\/profesiones-futuro\/#primaryimage"},"thumbnailUrl":"https:\/\/www.esade.edu\/beyond\/wp-content\/uploads\/2026\/08\/entorno-de-trabajo-moderno-donde-una-profesional-utiliza-una-tableta.jpg","datePublished":"2026-09-01T06:00:00+00:00","author":{"@id":"https:\/\/www.esade.edu\/beyond\/es\/#\/schema\/person\/92445ad2e57388b7600c91d3bb0d5009"},"description":"Descubre c\u00f3mo la IA est\u00e1 redefiniendo el mercado laboral, qu\u00e9 profesiones del futuro tendr\u00e1n m\u00e1s demanda y c\u00f3mo prepararte sin dejar tu empleo actual.","breadcrumb":{"@id":"https:\/\/www.esade.edu\/beyond\/es\/profesiones-futuro\/#breadcrumb"},"inLanguage":"es","potentialAction":[{"@type":"ReadAction","target":["https:\/\/www.esade.edu\/beyond\/es\/profesiones-futuro\/"]}]},{"@type":"ImageObject","inLanguage":"es","@id":"https:\/\/www.esade.edu\/beyond\/es\/profesiones-futuro\/#primaryimage","url":"https:\/\/www.esade.edu\/beyond\/wp-content\/uploads\/2026\/08\/entorno-de-trabajo-moderno-donde-una-profesional-utiliza-una-tableta.jpg","contentUrl":"https:\/\/www.esade.edu\/beyond\/wp-content\/uploads\/2026\/08\/entorno-de-trabajo-moderno-donde-una-profesional-utiliza-una-tableta.jpg","width":1000,"height":620,"caption":"En la imagen se observa un entorno de trabajo moderno donde una profesional utiliza una tableta mientras, al fondo, un equipo colabora frente a una pantalla con gr\u00e1ficos y datos anal\u00edticos, reflejando un entorno empresarial impulsado por la tecnolog\u00eda."},{"@type":"BreadcrumbList","@id":"https:\/\/www.esade.edu\/beyond\/es\/profesiones-futuro\/#breadcrumb","itemListElement":[{"@type":"ListItem","position":1,"name":"Portada","item":"https:\/\/www.esade.edu\/beyond\/es\/"},{"@type":"ListItem","position":2,"name":"Profesiones del futuro: c\u00f3mo la IA est\u00e1 redefiniendo el mercado laboral"}]},{"@type":"WebSite","@id":"https:\/\/www.esade.edu\/beyond\/es\/#website","url":"https:\/\/www.esade.edu\/beyond\/es\/","name":"Beyond by Esade","description":"","potentialAction":[{"@type":"SearchAction","target":{"@type":"EntryPoint","urlTemplate":"https:\/\/www.esade.edu\/beyond\/es\/?s={search_term_string}"},"query-input":{"@type":"PropertyValueSpecification","valueRequired":true,"valueName":"search_term_string"}}],"inLanguage":"es"},{"@type":"Person","@id":"https:\/\/www.esade.edu\/beyond\/es\/#\/schema\/person\/92445ad2e57388b7600c91d3bb0d5009","name":"Yasmina","url":"https:\/\/www.esade.edu\/beyond\/es\/author\/v_yasmina\/"}]}},"_links":{"self":[{"href":"https:\/\/www.esade.edu\/beyond\/es\/wp-json\/wp\/v2\/posts\/1854","targetHints":{"allow":["GET"]}}],"collection":[{"href":"https:\/\/www.esade.edu\/beyond\/es\/wp-json\/wp\/v2\/posts"}],"about":[{"href":"https:\/\/www.esade.edu\/beyond\/es\/wp-json\/wp\/v2\/types\/post"}],"author":[{"embeddable":true,"href":"https:\/\/www.esade.edu\/beyond\/es\/wp-json\/wp\/v2\/users\/2"}],"replies":[{"embeddable":true,"href":"https:\/\/www.esade.edu\/beyond\/es\/wp-json\/wp\/v2\/comments?post=1854"}],"version-history":[{"count":3,"href":"https:\/\/www.esade.edu\/beyond\/es\/wp-json\/wp\/v2\/posts\/1854\/revisions"}],"predecessor-version":[{"id":1864,"href":"https:\/\/www.esade.edu\/beyond\/es\/wp-json\/wp\/v2\/posts\/1854\/revisions\/1864"}],"wp:featuredmedia":[{"embeddable":true,"href":"https:\/\/www.esade.edu\/beyond\/es\/wp-json\/wp\/v2\/media\/1855"}],"wp:attachment":[{"href":"https:\/\/www.esade.edu\/beyond\/es\/wp-json\/wp\/v2\/media?parent=1854"}],"wp:term":[{"taxonomy":"category","embeddable":true,"href":"https:\/\/www.esade.edu\/beyond\/es\/wp-json\/wp\/v2\/categories?post=1854"},{"taxonomy":"post_tag","embeddable":true,"href":"https:\/\/www.esade.edu\/beyond\/es\/wp-json\/wp\/v2\/tags?post=1854"}],"curies":[{"name":"wp","href":"https:\/\/api.w.org\/{rel}","templated":true}]}}